{"id":146053,"date":"2025-03-29T10:44:21","date_gmt":"2025-03-29T13:44:21","guid":{"rendered":"https:\/\/vinasfm.com\/noticias\/?p=146053"},"modified":"2025-03-31T08:32:33","modified_gmt":"2025-03-31T11:32:33","slug":"un-colectivo-y-un-camion-chocaron-en-ruta-143-sur-hay-dos-personas-heridas","status":"publish","type":"post","link":"https:\/\/vinasfm.com\/noticias\/un-colectivo-y-un-camion-chocaron-en-ruta-143-sur-hay-dos-personas-heridas\/","title":{"rendered":"UN COLECTIVO Y UN CAMI\u00d3N CHOCARON EN RUTA 143 SUR: HAY DOS PERSONAS HERIDAS"},"content":{"rendered":"<h4><span style=\"color: #000000;\">El accidente vial ocurri\u00f3 esta madrugada en la Ruta Nacional 143 Sur, entre Carmensa y Punta del Agua. El chofer del colectivo y un acompa\u00f1ante resultaron heridos.<\/span><\/h4>\n<article class=\"article-body article-body--first-paragraph\"><span style=\"color: #000000;\">Un\u00a0<strong>accidente vial<\/strong>\u00a0ocurrido esta madrugada en\u00a0<strong>General Alvear<\/strong>, que tuvo como\u00a0<strong>protagonistas a un cami\u00f3n y un colectivo<\/strong>, dej\u00f3 como saldo\u00a0<strong>dos personas heridas<\/strong>, que debieron ser hospitalizadas.<\/span><\/article>\n<article class=\"article-body article-body--second-paragraph\"><span style=\"color: #000000;\">El episodio se produjo cerca de las 3 de este s\u00e1bado en la\u00a0<strong>Ruta Nacional 143, a la altura del kil\u00f3metro 382, entre Carmensa y Punta del Agua<\/strong>. Por razones que se investigan, ambos transportes chocaron frontalmente, aunque el impacto fue a velocidad moderada, por lo que\u00a0<strong>no hubo que lamentar v\u00edctimas fatales<\/strong>.<\/span><\/article>\n<article><a href=\"https:\/\/vinasfm.com\/noticias\/wp-content\/uploads\/2025\/03\/accidente-vial-general-alvear-choque-camion-y-micro-2jpeg.jpeg\"><img loading=\"lazy\" decoding=\"async\" class=\"alignnone wp-image-146060 size-full\" src=\"https:\/\/vinasfm.com\/noticias\/wp-content\/uploads\/2025\/03\/accidente-vial-general-alvear-choque-camion-y-micro-2jpeg.jpeg\" alt=\"\" width=\"790\" height=\"626\" srcset=\"https:\/\/vinasfm.com\/noticias\/wp-content\/uploads\/2025\/03\/accidente-vial-general-alvear-choque-camion-y-micro-2jpeg.jpeg 790w, https:\/\/vinasfm.com\/noticias\/wp-content\/uploads\/2025\/03\/accidente-vial-general-alvear-choque-camion-y-micro-2jpeg-300x238.jpeg 300w, https:\/\/vinasfm.com\/noticias\/wp-content\/uploads\/2025\/03\/accidente-vial-general-alvear-choque-camion-y-micro-2jpeg-768x609.jpeg 768w\" sizes=\"auto, (max-width: 790px) 100vw, 790px\" \/><\/a><\/article>\n<h2><span style=\"color: #000000;\">Parte m\u00e9dico<\/span><\/h2>\n<p><span style=\"color: #000000;\">Promediando las 03:54 ingres\u00f3 a la guardia del Hospital Enfermeros Argentinos un masculino de 43 a\u00f1os de edad, chofer quien conduc\u00eda el colectivo V\u00eda TAC, por traumatismos m\u00faltiples leves. Queda en observaci\u00f3n.<\/span><\/p>\n<p><span style=\"color: #000000;\">En tanto, a la 04:20 horas, ingres\u00f3 otro masculino de 32 a\u00f1os de edad, quien viajaba como acompa\u00f1ante, por traumatismos leves. El mismo qued\u00f3 internado en observaci\u00f3n.<\/span><\/p>\n<p><span style=\"color: #000000;\">El resto de los pasajeros no necesitaron asistencia.<\/span><\/p>\n<h6><span style=\"color: #000000;\">Con informaci\u00f3n de Sitio Andino.<\/span><\/h6>\n","protected":false},"excerpt":{"rendered":"<p>El accidente vial ocurri\u00f3 esta madrugada en la Ruta Nacional 143 Sur, entre Carmensa y Punta del Agua. El chofer del &#8230;<\/p>\n","protected":false},"author":7,"featured_media":146061,"comment_status":"open","ping_status":"open","sticky":false,"template":"","format":"standard","meta":{"footnotes":""},"categories":[4,184],"tags":[],"class_list":["post-146053","post","type-post","status-publish","format-standard","has-post-thumbnail","hentry","category-policiales","category-siniestro-vial"],"_links":{"self":[{"href":"https:\/\/vinasfm.com\/noticias\/wp-json\/wp\/v2\/posts\/146053","targetHints":{"allow":["GET"]}}],"collection":[{"href":"https:\/\/vinasfm.com\/noticias\/wp-json\/wp\/v2\/posts"}],"about":[{"href":"https:\/\/vinasfm.com\/noticias\/wp-json\/wp\/v2\/types\/post"}],"author":[{"embeddable":true,"href":"https:\/\/vinasfm.com\/noticias\/wp-json\/wp\/v2\/users\/7"}],"replies":[{"embeddable":true,"href":"https:\/\/vinasfm.com\/noticias\/wp-json\/wp\/v2\/comments?post=146053"}],"version-history":[{"count":4,"href":"https:\/\/vinasfm.com\/noticias\/wp-json\/wp\/v2\/posts\/146053\/revisions"}],"predecessor-version":[{"id":146062,"href":"https:\/\/vinasfm.com\/noticias\/wp-json\/wp\/v2\/posts\/146053\/revisions\/146062"}],"wp:featuredmedia":[{"embeddable":true,"href":"https:\/\/vinasfm.com\/noticias\/wp-json\/wp\/v2\/media\/146061"}],"wp:attachment":[{"href":"https:\/\/vinasfm.com\/noticias\/wp-json\/wp\/v2\/media?parent=146053"}],"wp:term":[{"taxonomy":"category","embeddable":true,"href":"https:\/\/vinasfm.com\/noticias\/wp-json\/wp\/v2\/categories?post=146053"},{"taxonomy":"post_tag","embeddable":true,"href":"https:\/\/vinasfm.com\/noticias\/wp-json\/wp\/v2\/tags?post=146053"}],"curies":[{"name":"wp","href":"https:\/\/api.w.org\/{rel}","templated":true}]}}