{"id":146043,"date":"2025-03-28T20:06:26","date_gmt":"2025-03-28T23:06:26","guid":{"rendered":"https:\/\/vinasfm.com\/noticias\/?p=146043"},"modified":"2025-03-30T20:34:21","modified_gmt":"2025-03-30T23:34:21","slug":"sorpresa-el-gobierno-adelanto-el-pago-de-los-sueldos-de-la-administracion-publica","status":"publish","type":"post","link":"https:\/\/vinasfm.com\/noticias\/sorpresa-el-gobierno-adelanto-el-pago-de-los-sueldos-de-la-administracion-publica\/","title":{"rendered":"SORPRESA: EL GOBIERNO ADELANT\u00d3 EL PAGO DE LOS SUELDOS DE LA ADMINISTRACI\u00d3N P\u00daBLICA"},"content":{"rendered":"<h4>Desde el Gobierno provincial confirmaron la fecha de pago de los salarios de los trabajadores estatales. Cu\u00e1ndo se depositar\u00e1n los sueldos.<\/h4>\n<p>Este viernes el Gobierno confirm\u00f3 cu\u00e1ndo le pagar\u00e1 el sueldo del mes de marzo a los trabajadores de la administraci\u00f3n p\u00fablica de la Provincia de Mendoza.<\/p>\n<p>Efectivamente, desde el Ejecutivo confirmaron el pago para el s\u00e1bado 29 de marzo. <strong><em>\u00abEl pr\u00f3ximo s\u00e1bado 29 de marzo, los empleados estatales tendr\u00e1n depositado su sueldo\u00bb,<\/em><\/strong> confirmaron desde el Gobierno de Mendoza.<\/p>\n","protected":false},"excerpt":{"rendered":"<p>Desde el Gobierno provincial confirmaron la fecha de pago de los salarios de los trabajadores estatales. Cu\u00e1ndo se depositar\u00e1n los sueldos. &#8230;<\/p>\n","protected":false},"author":7,"featured_media":119408,"comment_status":"open","ping_status":"open","sticky":false,"template":"","format":"standard","meta":{"footnotes":""},"categories":[1],"tags":[],"class_list":["post-146043","post","type-post","status-publish","format-standard","has-post-thumbnail","hentry","category-fmvinas"],"_links":{"self":[{"href":"https:\/\/vinasfm.com\/noticias\/wp-json\/wp\/v2\/posts\/146043","targetHints":{"allow":["GET"]}}],"collection":[{"href":"https:\/\/vinasfm.com\/noticias\/wp-json\/wp\/v2\/posts"}],"about":[{"href":"https:\/\/vinasfm.com\/noticias\/wp-json\/wp\/v2\/types\/post"}],"author":[{"embeddable":true,"href":"https:\/\/vinasfm.com\/noticias\/wp-json\/wp\/v2\/users\/7"}],"replies":[{"embeddable":true,"href":"https:\/\/vinasfm.com\/noticias\/wp-json\/wp\/v2\/comments?post=146043"}],"version-history":[{"count":2,"href":"https:\/\/vinasfm.com\/noticias\/wp-json\/wp\/v2\/posts\/146043\/revisions"}],"predecessor-version":[{"id":146045,"href":"https:\/\/vinasfm.com\/noticias\/wp-json\/wp\/v2\/posts\/146043\/revisions\/146045"}],"wp:featuredmedia":[{"embeddable":true,"href":"https:\/\/vinasfm.com\/noticias\/wp-json\/wp\/v2\/media\/119408"}],"wp:attachment":[{"href":"https:\/\/vinasfm.com\/noticias\/wp-json\/wp\/v2\/media?parent=146043"}],"wp:term":[{"taxonomy":"category","embeddable":true,"href":"https:\/\/vinasfm.com\/noticias\/wp-json\/wp\/v2\/categories?post=146043"},{"taxonomy":"post_tag","embeddable":true,"href":"https:\/\/vinasfm.com\/noticias\/wp-json\/wp\/v2\/tags?post=146043"}],"curies":[{"name":"wp","href":"https:\/\/api.w.org\/{rel}","templated":true}]}}