{"id":146012,"date":"2025-03-28T10:02:33","date_gmt":"2025-03-28T13:02:33","guid":{"rendered":"https:\/\/vinasfm.com\/noticias\/?p=146012"},"modified":"2025-03-29T10:58:04","modified_gmt":"2025-03-29T13:58:04","slug":"abigeato-malvivientes-robaron-y-faenaron-dos-vacunos-en-real-del-padre","status":"publish","type":"post","link":"https:\/\/vinasfm.com\/noticias\/abigeato-malvivientes-robaron-y-faenaron-dos-vacunos-en-real-del-padre\/","title":{"rendered":"ABIGEATO: MALVIVIENTES ROBARON Y FAENARON DOS VACUNOS EN REAL DEL PADRE"},"content":{"rendered":"<h4 data-sourcepos=\"3:1-3:217\"><span style=\"color: #000000;\">Un hombre de 43 a\u00f1os, identificado como N.D.B.C, denunci\u00f3 el jueves en la Comisar\u00eda 26 de Villa Atuel el robo y faena de dos animales vacunos en su campo, ubicado a 6.5 kil\u00f3metros de Real del Padre, sobre la Ruta 171.<\/span><\/h4>\n<p data-sourcepos=\"5:1-5:205\"><span style=\"color: #000000;\">Seg\u00fan el denunciante, al llegar a su propiedad <strong>se encontr\u00f3 con los restos de los animales y el alambrado perimetral cortado, lo que indica que los delincuentes ingresaron al predio para cometer el il\u00edcito.<\/strong><\/span><\/p>\n<p data-sourcepos=\"7:1-7:300\"><span style=\"color: #000000;\">Ante esta situaci\u00f3n, la fiscal\u00eda de turno, a cargo del <span style=\"color: #003366;\"><strong>Dr. Facundo Roa<\/strong><\/span>, <strong>orden\u00f3 una serie de medidas investigativas para esclarecer el hecho.<\/strong> Entre ellas, <strong>se dispuso la intervenci\u00f3n de la Polic\u00eda Cient\u00edfica, con el objetivo de recabar pruebas en el lugar y determinar la identidad de los responsables.<\/strong><\/span><\/p>\n<p data-sourcepos=\"9:1-9:137\"><span style=\"color: #000000;\">Las autoridades policiales contin\u00faan trabajando en la investigaci\u00f3n para dar con los autores de este delito y llevarlos ante la justicia.<\/span><\/p>\n","protected":false},"excerpt":{"rendered":"<p>Un hombre de 43 a\u00f1os, identificado como N.D.B.C, denunci\u00f3 el jueves en la Comisar\u00eda 26 de Villa Atuel el robo y &#8230;<\/p>\n","protected":false},"author":7,"featured_media":146014,"comment_status":"open","ping_status":"open","sticky":false,"template":"","format":"standard","meta":{"footnotes":""},"categories":[201,4],"tags":[],"class_list":["post-146012","post","type-post","status-publish","format-standard","has-post-thumbnail","hentry","category-inseguridad","category-policiales"],"_links":{"self":[{"href":"https:\/\/vinasfm.com\/noticias\/wp-json\/wp\/v2\/posts\/146012","targetHints":{"allow":["GET"]}}],"collection":[{"href":"https:\/\/vinasfm.com\/noticias\/wp-json\/wp\/v2\/posts"}],"about":[{"href":"https:\/\/vinasfm.com\/noticias\/wp-json\/wp\/v2\/types\/post"}],"author":[{"embeddable":true,"href":"https:\/\/vinasfm.com\/noticias\/wp-json\/wp\/v2\/users\/7"}],"replies":[{"embeddable":true,"href":"https:\/\/vinasfm.com\/noticias\/wp-json\/wp\/v2\/comments?post=146012"}],"version-history":[{"count":1,"href":"https:\/\/vinasfm.com\/noticias\/wp-json\/wp\/v2\/posts\/146012\/revisions"}],"predecessor-version":[{"id":146015,"href":"https:\/\/vinasfm.com\/noticias\/wp-json\/wp\/v2\/posts\/146012\/revisions\/146015"}],"wp:featuredmedia":[{"embeddable":true,"href":"https:\/\/vinasfm.com\/noticias\/wp-json\/wp\/v2\/media\/146014"}],"wp:attachment":[{"href":"https:\/\/vinasfm.com\/noticias\/wp-json\/wp\/v2\/media?parent=146012"}],"wp:term":[{"taxonomy":"category","embeddable":true,"href":"https:\/\/vinasfm.com\/noticias\/wp-json\/wp\/v2\/categories?post=146012"},{"taxonomy":"post_tag","embeddable":true,"href":"https:\/\/vinasfm.com\/noticias\/wp-json\/wp\/v2\/tags?post=146012"}],"curies":[{"name":"wp","href":"https:\/\/api.w.org\/{rel}","templated":true}]}}