{"id":146001,"date":"2025-03-17T11:31:49","date_gmt":"2025-03-17T14:31:49","guid":{"rendered":"https:\/\/vinasfm.com\/noticias\/?p=146001"},"modified":"2025-03-28T08:44:50","modified_gmt":"2025-03-28T11:44:50","slug":"sesion-ordinaria-el-hcd-impulsa-el-comercio-local-y-actualiza-normativas-sanitarias","status":"publish","type":"post","link":"https:\/\/vinasfm.com\/noticias\/sesion-ordinaria-el-hcd-impulsa-el-comercio-local-y-actualiza-normativas-sanitarias\/","title":{"rendered":"SESI\u00d3N ORDINARIA: EL HCD IMPULSA EL COMERCIO LOCAL Y ACTUALIZA NORMATIVAS SANITARIAS"},"content":{"rendered":"<h4 data-sourcepos=\"3:1-3:232\"><span style=\"color: #000000;\">En la ma\u00f1ana del jueves se celebr\u00f3 la primera Sesi\u00f3n Ordinaria del HCD alvearense. En ella se abordaron temas de gran relevancia para la comunidad, con un enfoque particular en el apoyo al comercio local y la actualizaci\u00f3n de normativas sanitarias.<\/span><\/h4>\n<p data-sourcepos=\"5:1-5:365\"><span style=\"color: #000000;\">El concejal <span style=\"color: #003366;\"><strong>Hern\u00e1n Climent<\/strong><\/span>, del oficialismo (CM), destac\u00f3 el <strong>tratamiento de m\u00e1s de 40 expedientes que ingresaron al cuerpo legislativo.<\/strong> Estos proyectos, que abarcan diversas \u00e1reas como legislaci\u00f3n, hacienda, salud y educaci\u00f3n, <em><strong>\u00abser\u00e1n analizados en las respectivas comisiones, con la participaci\u00f3n de los actores involucrados para enriquecer el debate\u00bb.<\/strong><\/em><\/span><\/p>\n<p data-sourcepos=\"7:1-7:541\"><span style=\"color: #000000;\">Uno de los puntos destacados de la sesi\u00f3n fue la aprobaci\u00f3n del proyecto <em>\u00abAlvear + Comercio\u00bb<\/em>, una iniciativa que busca<strong> impulsar el desarrollo comercial del departamento.<\/strong> Este programa permitir\u00e1 a los comerciantes locales acceder a beneficios como la devoluci\u00f3n de parte de la inversi\u00f3n realizada y la reducci\u00f3n de las tasas de comercio, tanto en el interior como en el exterior de sus establecimientos. <em><strong>\u00abEl comerciante responsable del comercio, el que tiene la habilitaci\u00f3n a nombre de \u00e9l, se pueda acercar por la Secretar\u00eda de Desarrollo e inscribirse y ponerse en conocimiento todas las ventajas que tienen\u00bb<\/strong><\/em>, se\u00f1al\u00f3 el edil.\u00a0<\/span><\/p>\n<p data-sourcepos=\"9:1-9:155\"><span style=\"color: #000000;\">Climent explic\u00f3 que <strong>la reducci\u00f3n de tasas es una facultad del Concejo Deliberante, que cuenta con la autorizaci\u00f3n del Poder Ejecutivo para llevarla a cabo.<\/strong><\/span><\/p>\n<p data-sourcepos=\"9:1-9:155\"><img loading=\"lazy\" decoding=\"async\" class=\"\" src=\"https:\/\/scontent.fmdz4-1.fna.fbcdn.net\/v\/t39.30808-6\/487416482_1066884775486001_5320899423625340722_n.jpg?_nc_cat=102&amp;ccb=1-7&amp;_nc_sid=833d8c&amp;_nc_ohc=WH2zXnqomn0Q7kNvgHY_XCA&amp;_nc_oc=AdmT7F6deG3YGvCY_5qMjuQS_CuJKWtyAguqypEeceztGFO5RsDOOFlhTmSyh32cSyI&amp;_nc_zt=23&amp;_nc_ht=scontent.fmdz4-1.fna&amp;_nc_gid=puGnpoG9eG20x3v8R5hCDw&amp;oh=00_AYFoGyh5JN-VO5-UGj0yunk4v2e3vS1BJznsvVMLfJGa_A&amp;oe=67EC4EA6\" alt=\"Puede ser una imagen de 3 personas y texto que dice &quot;TAM BLOQUE UCR CAMBIAMENDOZA CAMBIA MENDOZA co A&quot;\" width=\"350\" height=\"207\" \/> <img loading=\"lazy\" decoding=\"async\" class=\"\" src=\"https:\/\/scontent.fmdz4-1.fna.fbcdn.net\/v\/t39.30808-6\/487494180_1066884495486029_7144744344208847856_n.jpg?_nc_cat=100&amp;ccb=1-7&amp;_nc_sid=833d8c&amp;_nc_ohc=scPMNwITn0wQ7kNvgGjtuv-&amp;_nc_oc=AdlSaTA1zhr1OUIZhb7JtfWYlo3-zmAppCJ17N-ZFtYL3Gw3UrwFfj852AJM1xW1S-k&amp;_nc_zt=23&amp;_nc_ht=scontent.fmdz4-1.fna&amp;_nc_gid=wNDMR5rJy5gZrYSK1FcxxQ&amp;oh=00_AYF-6KpP8Pip20wWeqztehrDzwaJ4X0-QhJhow_rllMWhg&amp;oe=67EC462A\" alt=\"Puede ser una imagen de 2 personas y texto que dice &quot;BLOQUE FRENTEDE DE TODOS-PJ HCD&quot;\" width=\"300\" height=\"208\" \/><\/p>\n<h6 data-sourcepos=\"9:1-9:155\">De\u00a0 izquierda a derecha: Gisela Bello (CM), Hern\u00e1n Climent (CM), Florencia Escart\u00edn (PJ) y Silvina Melzi (PJ).<\/h6>\n<p data-sourcepos=\"11:1-11:432\"><span style=\"color: #000000;\">Otro tema relevante tratado en la Sesi\u00f3n fue la <strong>modificaci\u00f3n en la exigencia de la libreta sanitaria<\/strong>. El concejal inform\u00f3 que, <strong>debido a cambios en la legislaci\u00f3n nacional, este documento ya no ser\u00e1 obligatorio en el departamento.<\/strong> Sin embargo, <em><strong>\u00abse continuar\u00e1 ofreciendo el curso de manipulaci\u00f3n de alimentos, con validez en todo el territorio nacional, como una herramienta importante para garantizar la seguridad alimentaria\u00bb.<\/strong><\/em><\/span><\/p>\n<p data-sourcepos=\"13:1-13:209\"><span style=\"color: #000000;\">Climent se\u00f1al\u00f3 que la eliminaci\u00f3n de la libreta sanitaria responde a la necesidad de simplificar los tr\u00e1mites administrativos y evitar gastos innecesarios, tanto para los comerciantes como para los ciudadanos.<\/span><\/p>\n","protected":false},"excerpt":{"rendered":"<p>En la ma\u00f1ana del jueves se celebr\u00f3 la primera Sesi\u00f3n Ordinaria del HCD alvearense. En ella se abordaron temas de gran &#8230;<\/p>\n","protected":false},"author":7,"featured_media":146002,"comment_status":"open","ping_status":"open","sticky":false,"template":"","format":"standard","meta":{"footnotes":""},"categories":[1],"tags":[],"class_list":["post-146001","post","type-post","status-publish","format-standard","has-post-thumbnail","hentry","category-fmvinas"],"_links":{"self":[{"href":"https:\/\/vinasfm.com\/noticias\/wp-json\/wp\/v2\/posts\/146001","targetHints":{"allow":["GET"]}}],"collection":[{"href":"https:\/\/vinasfm.com\/noticias\/wp-json\/wp\/v2\/posts"}],"about":[{"href":"https:\/\/vinasfm.com\/noticias\/wp-json\/wp\/v2\/types\/post"}],"author":[{"embeddable":true,"href":"https:\/\/vinasfm.com\/noticias\/wp-json\/wp\/v2\/users\/7"}],"replies":[{"embeddable":true,"href":"https:\/\/vinasfm.com\/noticias\/wp-json\/wp\/v2\/comments?post=146001"}],"version-history":[{"count":1,"href":"https:\/\/vinasfm.com\/noticias\/wp-json\/wp\/v2\/posts\/146001\/revisions"}],"predecessor-version":[{"id":146003,"href":"https:\/\/vinasfm.com\/noticias\/wp-json\/wp\/v2\/posts\/146001\/revisions\/146003"}],"wp:featuredmedia":[{"embeddable":true,"href":"https:\/\/vinasfm.com\/noticias\/wp-json\/wp\/v2\/media\/146002"}],"wp:attachment":[{"href":"https:\/\/vinasfm.com\/noticias\/wp-json\/wp\/v2\/media?parent=146001"}],"wp:term":[{"taxonomy":"category","embeddable":true,"href":"https:\/\/vinasfm.com\/noticias\/wp-json\/wp\/v2\/categories?post=146001"},{"taxonomy":"post_tag","embeddable":true,"href":"https:\/\/vinasfm.com\/noticias\/wp-json\/wp\/v2\/tags?post=146001"}],"curies":[{"name":"wp","href":"https:\/\/api.w.org\/{rel}","templated":true}]}}