{"id":145995,"date":"2025-03-28T08:14:44","date_gmt":"2025-03-28T11:14:44","guid":{"rendered":"https:\/\/vinasfm.com\/noticias\/?p=145995"},"modified":"2025-03-29T11:01:21","modified_gmt":"2025-03-29T14:01:21","slug":"el-instituto-de-formacion-penitenciaria-actualizo-su-curricula-para-una-mejor-profesionalizacion","status":"publish","type":"post","link":"https:\/\/vinasfm.com\/noticias\/el-instituto-de-formacion-penitenciaria-actualizo-su-curricula-para-una-mejor-profesionalizacion\/","title":{"rendered":"EL INSTITUTO DE FORMACI\u00d3N PENITENCIARIA ACTUALIZ\u00d3 SU CURR\u00cdCULA PARA UNA MEJOR PROFESIONALIZACI\u00d3N"},"content":{"rendered":"<h4><span style=\"color: #000000;\">En el inicio de su ciclo lectivo, el Infope Zona Centro, que apunta a la formaci\u00f3n de cadetes, actualiz\u00f3 su plan de estudios para optimizar la instrucci\u00f3n de los futuros t\u00e9cnicos universitarios en seguridad penitenciaria.<\/span><\/h4>\n<p><span style=\"color: #000000;\">Con las presencias de autoridades del <strong>Servicio Penitenciario de Mendoza<\/strong>, del <em>director general del <strong>Instituto Universitario de Seguridad P\u00fablica<\/strong><\/em> <strong>(IUSP)<\/strong>, <span style=\"color: #003366;\"><strong>Alberto Rivero<\/strong><\/span>, y del d<em>irector de Asuntos Universitarios del IUSP<\/em>, <span style=\"color: #003366;\"><strong>Alejandro Salom\u00f3n<\/strong><\/span>, se inici\u00f3 el ciclo lectivo 2025 para quienes cursar\u00e1n la carrera <strong>Tecnicatura Universitaria en Seguridad Penitenciaria<\/strong> y alcanzar\u00e1n as\u00ed el primer grado de oficiales del escalaf\u00f3n seguridad.<\/span><\/p>\n<p><span style=\"color: #000000;\"><em><strong>\u201cHemos venido trabajando mucho en el nuevo dise\u00f1o de la curr\u00edcula para formalizarla en funci\u00f3n del nuevo perfil del egresado. Sin embargo, mi experiencia indica que el nuevo plan de estudios depende del inter\u00e9s y el sacrificio que le impriman los y las estudiantes a esta profesi\u00f3n\u201d<\/strong><\/em>, manifest\u00f3 Rivero.<\/span><\/p>\n<p><span style=\"color: #000000;\">Por su parte, Salom\u00f3n expres\u00f3: <em><strong>\u201cEs necesario destacar la carrera de ustedes; es una profesi\u00f3n sumamente importante y no es un trabajo, sino que es una misi\u00f3n. Tienen la responsabilidad de que la persona privada de libertad salga del\u00a0contexto de encierro como mejor persona que cuando entr\u00f3\u201d.<\/strong><\/em><\/span><\/p>\n<p><img loading=\"lazy\" decoding=\"async\" class=\"\" src=\"https:\/\/www.mendoza.gov.ar\/wp-content\/uploads\/sites\/5\/2025\/03\/WhatsApp-Image-2025-03-25-at-09.31.58-700x525.jpeg\" width=\"349\" height=\"262\" \/> <img loading=\"lazy\" decoding=\"async\" class=\"\" src=\"https:\/\/www.mendoza.gov.ar\/wp-content\/uploads\/sites\/5\/2025\/03\/WhatsApp-Image-2025-03-25-at-09.30.21-700x525.jpeg\" width=\"351\" height=\"263\" \/><\/p>\n<h2><span style=\"color: #000000;\"><strong>Nueva curr\u00edcula<\/strong><\/span><\/h2>\n<p><span style=\"color: #000000;\"><strong><em>\u201cEl cambio de curr\u00edcula significa modernizar el sistema, ya que la misma data del a\u00f1o 2008 y muchas cosas ya han quedado en el tiempo. Una de las materias fundamentales que no ten\u00edamos era la ejecuci\u00f3n de la pena, y para nosotros resulta esencial. Otra de las asignaturas que agregamos es la de conducci\u00f3n, ya que ac\u00e1 se forman muchas personas que ocupar\u00e1n esos puestos de mando\u201d<\/em><\/strong>, afirm\u00f3 <span style=\"color: #003366;\"><strong>Mariano Cortez Murillo<\/strong><\/span>, <em>director y delegado de la Zona Centro del Instituto de Formaci\u00f3n Penitenciaria<\/em>, del IUSP, y de la <em>Escuela de Oficiales del Servicio Penitenciario.<\/em><\/span><\/p>\n<p><span style=\"color: #000000;\">Murillo concluy\u00f3: <em><strong>\u201cLa modificaci\u00f3n del plan fue un trabajo en forma conjunta con el IUSP, la delegaci\u00f3n Zona Centro y la UNCuyo, la cual intervino desde el principio. En esta curr\u00edcula se incluy\u00f3 adem\u00e1s inteligencia artificial, mediaci\u00f3n y socializaci\u00f3n, buscando una identidad penitenciaria y entendiendo las necesidades actuales del sistema\u201d.\u00a0<\/strong><\/em><\/span><\/p>\n","protected":false},"excerpt":{"rendered":"<p>En el inicio de su ciclo lectivo, el Infope Zona Centro, que apunta a la formaci\u00f3n de cadetes, actualiz\u00f3 su plan &#8230;<\/p>\n","protected":false},"author":7,"featured_media":145996,"comment_status":"open","ping_status":"open","sticky":false,"template":"","format":"standard","meta":{"footnotes":""},"categories":[18,33],"tags":[],"class_list":["post-145995","post","type-post","status-publish","format-standard","has-post-thumbnail","hentry","category-educacion","category-seguridad"],"_links":{"self":[{"href":"https:\/\/vinasfm.com\/noticias\/wp-json\/wp\/v2\/posts\/145995","targetHints":{"allow":["GET"]}}],"collection":[{"href":"https:\/\/vinasfm.com\/noticias\/wp-json\/wp\/v2\/posts"}],"about":[{"href":"https:\/\/vinasfm.com\/noticias\/wp-json\/wp\/v2\/types\/post"}],"author":[{"embeddable":true,"href":"https:\/\/vinasfm.com\/noticias\/wp-json\/wp\/v2\/users\/7"}],"replies":[{"embeddable":true,"href":"https:\/\/vinasfm.com\/noticias\/wp-json\/wp\/v2\/comments?post=145995"}],"version-history":[{"count":1,"href":"https:\/\/vinasfm.com\/noticias\/wp-json\/wp\/v2\/posts\/145995\/revisions"}],"predecessor-version":[{"id":145997,"href":"https:\/\/vinasfm.com\/noticias\/wp-json\/wp\/v2\/posts\/145995\/revisions\/145997"}],"wp:featuredmedia":[{"embeddable":true,"href":"https:\/\/vinasfm.com\/noticias\/wp-json\/wp\/v2\/media\/145996"}],"wp:attachment":[{"href":"https:\/\/vinasfm.com\/noticias\/wp-json\/wp\/v2\/media?parent=145995"}],"wp:term":[{"taxonomy":"category","embeddable":true,"href":"https:\/\/vinasfm.com\/noticias\/wp-json\/wp\/v2\/categories?post=145995"},{"taxonomy":"post_tag","embeddable":true,"href":"https:\/\/vinasfm.com\/noticias\/wp-json\/wp\/v2\/tags?post=145995"}],"curies":[{"name":"wp","href":"https:\/\/api.w.org\/{rel}","templated":true}]}}