{"id":145964,"date":"2025-03-27T09:47:58","date_gmt":"2025-03-27T12:47:58","guid":{"rendered":"https:\/\/vinasfm.com\/noticias\/?p=145964"},"modified":"2025-03-28T10:04:20","modified_gmt":"2025-03-28T13:04:20","slug":"ya-tiene-fecha-el-comienzo-del-horario-de-invierno-en-el-paso-a-chile-regira-en-semana-santa","status":"publish","type":"post","link":"https:\/\/vinasfm.com\/noticias\/ya-tiene-fecha-el-comienzo-del-horario-de-invierno-en-el-paso-a-chile-regira-en-semana-santa\/","title":{"rendered":"YA TIENE FECHA EL COMIENZO DEL HORARIO DE INVIERNO EN EL PASO A CHILE: \u00bfREGIR\u00c1 EN SEMANA SANTA?"},"content":{"rendered":"<h4><span style=\"color: #000000;\">En cuesti\u00f3n de semanas, se restringir\u00e1n las horas en las cu\u00e1les se pueden cruzar hacia Chile mediante el T\u00fanel Internacional Cristo Redentor.<\/span><\/h4>\n<article class=\"article-body first\">\n<div class=\"article-content\">\n<div class=\"cuerpo\" data-twitter-link=\"\">\n<p><span style=\"color: #000000;\">El\u00a0<strong>paso<\/strong>\u00a0a\u00a0<strong>Chile<\/strong>\u00a0ha sido m\u00e1s que transitado durante los \u00faltimos meses, debido a la gran afluencia de mendocinos y argentinos que cruzaron la cordillera para veranear o realizar compras en el pa\u00eds vecino, sumado al transporte de cargas rutinario. Y si bien ha sido un verano complicado por accidentes y temporales, el invierno tambi\u00e9n se ver\u00e1 complejo debido a la restricci\u00f3n horaria que se hace a\u00f1o a a\u00f1o.<\/span><\/p>\n<\/div>\n<\/div>\n<\/article>\n<article class=\"article-body\">\n<div class=\"article-content\">\n<div class=\"cuerpo\" data-twitter-link=\"\">\n<p><span style=\"color: #000000;\">Con el pr\u00f3ximo fin de semana largo de\u00a0<strong>Semana Santa<\/strong>\u00a0a la vuelta de la esquina, miles de viajeros comenzaron a averiguar si el\u00a0<strong>paso a Chile<\/strong>\u00a0continuar\u00e1 a abierto las 24 horas del d\u00eda o ya regir\u00e1 la t\u00edpica restricci\u00f3n horaria nocturna que se aplica cuando comienza a hacer fr\u00edo. Y las autoridades ya tomaron una decisi\u00f3n al respecto.<\/span><\/p>\n<article class=\"article-body\">\n<div class=\"article-content\">\n<div class=\"cuerpo\" data-twitter-link=\"\">\n<h2><span style=\"color: #000000;\">El horario de invierno en el paso a Chile<\/span><\/h2>\n<p><span style=\"color: #000000;\">Desde hace varios a\u00f1os que las autoridades, tanto\u00a0de\u00a0<strong>Chile<\/strong>\u00a0como de Argentina, deciden restringir durante oto\u00f1o e invierno el horario en que se puede cruzar por el\u00a0<strong>T\u00fanel Internacional Cristo Redentor<\/strong>. Es decir, se cierra la frontera terrestre durante la noche evitando que veh\u00edculos particulares y camiones intenten cruzar en esos meses donde se complejiza el tr\u00e1nsito debido a las bajas temperaturas en alta monta\u00f1a.<\/span><\/p>\n<\/div>\n<\/div>\n<\/article>\n<article class=\"article-body third-p\">\n<div class=\"article-content\">\n<div class=\"cuerpo\" data-twitter-link=\"\">\n<p><span style=\"color: #000000;\">En ese sentido, el horario el\u00a0<strong>horario de invierno<\/strong>\u00a0en el\u00a0<strong>paso a Chile<\/strong>\u00a0ser\u00e1 desde las 9 hasta las 21 horas argentinas -o de 8 a 20 horas en el pa\u00eds chileno, que realiza su cambio de horario en invierno-. Esto comenzar\u00e1 a aplicarse a partir del pr\u00f3ximo 1 de junio, seg\u00fan confirmaron las autoridades que regulan el Corredor Bioce\u00e1nico.<\/span><\/p>\n<p><span style=\"color: #000000;\">Este dato es importante sobre todo para las personas que tienen previsto cruzar la cordillera durante el pr\u00f3ximo fin de semana largo, que ser\u00e1 el de\u00a0<strong>Semana Santa<\/strong>, ya que a esta altura del a\u00f1o todav\u00eda estar\u00e1 el\u00a0<strong>paso a Chile<\/strong>\u00a0abierto las 24 horas ya que la fecha concreta es feriado viernes 18, s\u00e1bado 19 y domingo 20 de abril.<\/span><\/p>\n<h6><span style=\"color: #000000;\">Diario Uno.<\/span><\/h6>\n<\/div>\n<\/div>\n<\/article>\n<\/div>\n<\/div>\n<\/article>\n","protected":false},"excerpt":{"rendered":"<p>En cuesti\u00f3n de semanas, se restringir\u00e1n las horas en las cu\u00e1les se pueden cruzar hacia Chile mediante el T\u00fanel Internacional Cristo &#8230;<\/p>\n","protected":false},"author":7,"featured_media":145965,"comment_status":"open","ping_status":"open","sticky":false,"template":"","format":"standard","meta":{"footnotes":""},"categories":[5,10],"tags":[],"class_list":["post-145964","post","type-post","status-publish","format-standard","has-post-thumbnail","hentry","category-actualidad","category-destacadas"],"_links":{"self":[{"href":"https:\/\/vinasfm.com\/noticias\/wp-json\/wp\/v2\/posts\/145964","targetHints":{"allow":["GET"]}}],"collection":[{"href":"https:\/\/vinasfm.com\/noticias\/wp-json\/wp\/v2\/posts"}],"about":[{"href":"https:\/\/vinasfm.com\/noticias\/wp-json\/wp\/v2\/types\/post"}],"author":[{"embeddable":true,"href":"https:\/\/vinasfm.com\/noticias\/wp-json\/wp\/v2\/users\/7"}],"replies":[{"embeddable":true,"href":"https:\/\/vinasfm.com\/noticias\/wp-json\/wp\/v2\/comments?post=145964"}],"version-history":[{"count":1,"href":"https:\/\/vinasfm.com\/noticias\/wp-json\/wp\/v2\/posts\/145964\/revisions"}],"predecessor-version":[{"id":145966,"href":"https:\/\/vinasfm.com\/noticias\/wp-json\/wp\/v2\/posts\/145964\/revisions\/145966"}],"wp:featuredmedia":[{"embeddable":true,"href":"https:\/\/vinasfm.com\/noticias\/wp-json\/wp\/v2\/media\/145965"}],"wp:attachment":[{"href":"https:\/\/vinasfm.com\/noticias\/wp-json\/wp\/v2\/media?parent=145964"}],"wp:term":[{"taxonomy":"category","embeddable":true,"href":"https:\/\/vinasfm.com\/noticias\/wp-json\/wp\/v2\/categories?post=145964"},{"taxonomy":"post_tag","embeddable":true,"href":"https:\/\/vinasfm.com\/noticias\/wp-json\/wp\/v2\/tags?post=145964"}],"curies":[{"name":"wp","href":"https:\/\/api.w.org\/{rel}","templated":true}]}}