{"id":145959,"date":"2025-03-26T17:04:12","date_gmt":"2025-03-26T20:04:12","guid":{"rendered":"https:\/\/vinasfm.com\/noticias\/?p=145959"},"modified":"2025-03-27T10:04:43","modified_gmt":"2025-03-27T13:04:43","slug":"personal-municipal-trabajo-de-forma-coordinada-tras-las-intensas-lluvias","status":"publish","type":"post","link":"https:\/\/vinasfm.com\/noticias\/personal-municipal-trabajo-de-forma-coordinada-tras-las-intensas-lluvias\/","title":{"rendered":"PERSONAL MUNICIPAL TRABAJ\u00d3 DE FORMA COORDINADA TRAS LAS INTENSAS LLUVIAS"},"content":{"rendered":"<div class=\"adn ads\" data-message-id=\"#msg-f:1827671117970919653\" data-legacy-message-id=\"195d3132c8e5d0e5\">\n<div class=\"gs\">\n<div class=\"\">\n<div id=\":ie\" class=\"ii gt\">\n<div id=\":id\" class=\"a3s aiL \">\n<div>\n<h4><span style=\"color: #000000;\">Un intenso temporal dej\u00f3 m\u00e1s de 113 mil\u00edmetros de lluvia acumulada desde el s\u00e1bado hasta la madrugada del mi\u00e9rcoles en General Alvear. Javier Velasco, director de Defensa Civil, brind\u00f3 detalles sobre las acciones implementadas para mitigar los efectos de este fen\u00f3meno meteorol\u00f3gico.<\/span><\/h4>\n<p><span style=\"color: #000000;\"><strong><em>\u201cHan sido d\u00edas complicados para gran parte del pa\u00eds, especialmente en nuestra provincia de Mendoza\u201d<\/em><\/strong>, comenz\u00f3 <strong><span style=\"color: #003366;\">Velasco<\/span><\/strong>. Con una alerta naranja que se extendi\u00f3 desde el s\u00e1bado, la situaci\u00f3n se torn\u00f3 cr\u00edtica, especialmente en la noche del martes, cuando se registraron casi 50 mil\u00edmetros de lluvia en pocas horas. <\/span><strong><em>\u201cHa sido una noche complicada para muchas familias\u201d<\/em><\/strong><span style=\"color: #000000;\">, agreg\u00f3.<\/span><\/p>\n<p><span style=\"color: #000000;\">A pesar de la magnitud de las precipitaciones, Velasco destac\u00f3 que no se registraron ca\u00eddas de \u00e1rboles ni problemas significativos con el tendido el\u00e9ctrico. Sin embargo, el n\u00famero de llamados solicitando asistencia fue elevado, principalmente por infiltraciones en los techos y necesidades b\u00e1sicas como mercader\u00eda, colchones y frazadas. <em><strong>\u201cHemos podido asistir a la gran mayor\u00eda de las familias afectadas gracias a un trabajo coordinado con distintas \u00e1reas del municipio\u201d<\/strong><\/em>, afirm\u00f3.<\/span><\/p>\n<p><span style=\"color: #000000;\">Uno de los factores que contribuy\u00f3 a la reducci\u00f3n de reclamos ha sido el <em><strong>\u201cplan techo\u201d<\/strong> <\/em>implementado por la municipalidad. Este programa permiti\u00f3 realizar reparaciones en los techos de muchas viviendas y as\u00ed disminuir las solicitudes de ayuda. <em><strong>\u201cConocemos a nuestros vecinos y hemos podido brindar soluciones efectivas\u201d<\/strong><\/em>, explic\u00f3 Velasco.<\/span><\/p>\n<p><span style=\"color: #000000;\">El <em>director de Defensa Civil<\/em> tambi\u00e9n hizo hincapi\u00e9 en la importancia de la colaboraci\u00f3n ciudadana.<strong><em> \u201cLos desag\u00fces y colectores han funcionado bien, pero necesitamos que los vecinos mantengan las cunetas limpias y no arrojen basura\u201d<\/em><\/strong>, advirti\u00f3. La acumulaci\u00f3n de hojas y desechos puede generar problemas en el sistema de drenaje, lo que podr\u00eda resultar en inundaciones en el futuro.<\/span><\/p>\n<p><span style=\"color: #000000;\">La anticipaci\u00f3n fue clave en la respuesta a esta emergencia. <em><strong>\u201cContamos con informaci\u00f3n meteorol\u00f3gica que nos permiti\u00f3 prepararnos para el temporal. Desde Defensa Civil, mantuvimos una guardia permanente y trabajamos las 24 horas\u201d<\/strong><\/em>, asegur\u00f3 Velasco. Esta planificaci\u00f3n permiti\u00f3 atender r\u00e1pidamente los reclamos que surgieron durante la noche del martes.<\/span><\/p>\n<p><span style=\"color: #000000;\">Carlos Aguas, de la Direcci\u00f3n de Contingencias Sociales, complement\u00f3 la informaci\u00f3n al se\u00f1alar que se entregaron 340 cortes de nylon para ayudar a las familias afectadas. <em><strong>\u201cNo todos los casos eran de grandes problemas en los techos, algunos solo ten\u00edan peque\u00f1as filtraciones, pero todos necesitaban asistencia\u201d<\/strong><\/em>, explic\u00f3. Las acciones se llevaron a cabo en diversos barrios, incluyendo Zangrandi, Barrio Parque, El Desv\u00edo y San Carlos.<\/span><\/p>\n<\/div>\n<\/div>\n<\/div>\n<\/div>\n<\/div>\n<\/div>\n<div class=\"gA gt acV\">\n<div class=\"gB xu\">\n<div class=\"ip iq\">\n<div id=\":if\"><\/div>\n<\/div>\n<\/div>\n<\/div>\n","protected":false},"excerpt":{"rendered":"<p>Un intenso temporal dej\u00f3 m\u00e1s de 113 mil\u00edmetros de lluvia acumulada desde el s\u00e1bado hasta la madrugada del mi\u00e9rcoles en General &#8230;<\/p>\n","protected":false},"author":7,"featured_media":145970,"comment_status":"open","ping_status":"open","sticky":false,"template":"","format":"standard","meta":{"footnotes":""},"categories":[1],"tags":[],"class_list":["post-145959","post","type-post","status-publish","format-standard","has-post-thumbnail","hentry","category-fmvinas"],"_links":{"self":[{"href":"https:\/\/vinasfm.com\/noticias\/wp-json\/wp\/v2\/posts\/145959","targetHints":{"allow":["GET"]}}],"collection":[{"href":"https:\/\/vinasfm.com\/noticias\/wp-json\/wp\/v2\/posts"}],"about":[{"href":"https:\/\/vinasfm.com\/noticias\/wp-json\/wp\/v2\/types\/post"}],"author":[{"embeddable":true,"href":"https:\/\/vinasfm.com\/noticias\/wp-json\/wp\/v2\/users\/7"}],"replies":[{"embeddable":true,"href":"https:\/\/vinasfm.com\/noticias\/wp-json\/wp\/v2\/comments?post=145959"}],"version-history":[{"count":2,"href":"https:\/\/vinasfm.com\/noticias\/wp-json\/wp\/v2\/posts\/145959\/revisions"}],"predecessor-version":[{"id":145973,"href":"https:\/\/vinasfm.com\/noticias\/wp-json\/wp\/v2\/posts\/145959\/revisions\/145973"}],"wp:featuredmedia":[{"embeddable":true,"href":"https:\/\/vinasfm.com\/noticias\/wp-json\/wp\/v2\/media\/145970"}],"wp:attachment":[{"href":"https:\/\/vinasfm.com\/noticias\/wp-json\/wp\/v2\/media?parent=145959"}],"wp:term":[{"taxonomy":"category","embeddable":true,"href":"https:\/\/vinasfm.com\/noticias\/wp-json\/wp\/v2\/categories?post=145959"},{"taxonomy":"post_tag","embeddable":true,"href":"https:\/\/vinasfm.com\/noticias\/wp-json\/wp\/v2\/tags?post=145959"}],"curies":[{"name":"wp","href":"https:\/\/api.w.org\/{rel}","templated":true}]}}