{"id":145950,"date":"2025-03-27T08:33:01","date_gmt":"2025-03-27T11:33:01","guid":{"rendered":"https:\/\/vinasfm.com\/noticias\/?p=145950"},"modified":"2025-03-28T08:15:33","modified_gmt":"2025-03-28T11:15:33","slug":"la-liga-alvearense-de-futbol-se-prepara-para-el-inicio-del-torneo-con-entrega-de-pelotas-a-los-clubes","status":"publish","type":"post","link":"https:\/\/vinasfm.com\/noticias\/la-liga-alvearense-de-futbol-se-prepara-para-el-inicio-del-torneo-con-entrega-de-pelotas-a-los-clubes\/","title":{"rendered":"LA LIGA ALVEARENSE DE F\u00daTBOL SE PREPARA PARA EL INICIO DEL TORNEO CON ENTREGA DE PELOTAS A LOS CLUBES"},"content":{"rendered":"<h4 data-sourcepos=\"3:1-3:331\"><span style=\"color: #000000;\">La emoci\u00f3n del f\u00fatbol local est\u00e1 en aumento, ya que la Liga Alvearense de F\u00fatbol se prepara para dar inicio a su esperado torneo el pr\u00f3ximo fin de semana. En un gesto de apoyo y entusiasmo, el presidente de la liga, Andr\u00e9s Merlos, encabez\u00f3 un evento especial donde se realiz\u00f3 la entrega de pelotas a todos los clubes participantes.<\/span><\/h4>\n<p data-sourcepos=\"5:1-5:317\"><span style=\"color: #000000;\">Con el distintivo logo de La Liga en cada una, se distribuyeron un total de 100 pelotas entre los equipos de primera y segunda divisi\u00f3n. Esta entrega no solo representa un elemento esencial para la preparaci\u00f3n de los equipos, sino que tambi\u00e9n simboliza la pasi\u00f3n y el compromiso que la liga tiene con el f\u00fatbol local.<\/span><\/p>\n<p data-sourcepos=\"5:1-5:317\"><a href=\"https:\/\/vinasfm.com\/noticias\/wp-content\/uploads\/2025\/03\/IMG-20250327-WA0010.jpg\"><img loading=\"lazy\" decoding=\"async\" class=\"alignnone wp-image-145954\" src=\"https:\/\/vinasfm.com\/noticias\/wp-content\/uploads\/2025\/03\/IMG-20250327-WA0010-1024x682.jpg\" alt=\"\" width=\"360\" height=\"240\" srcset=\"https:\/\/vinasfm.com\/noticias\/wp-content\/uploads\/2025\/03\/IMG-20250327-WA0010-1024x682.jpg 1024w, https:\/\/vinasfm.com\/noticias\/wp-content\/uploads\/2025\/03\/IMG-20250327-WA0010-300x200.jpg 300w, https:\/\/vinasfm.com\/noticias\/wp-content\/uploads\/2025\/03\/IMG-20250327-WA0010-768x512.jpg 768w, https:\/\/vinasfm.com\/noticias\/wp-content\/uploads\/2025\/03\/IMG-20250327-WA0010.jpg 1280w\" sizes=\"auto, (max-width: 360px) 100vw, 360px\" \/><\/a> <a href=\"https:\/\/vinasfm.com\/noticias\/wp-content\/uploads\/2025\/03\/IMG-20250327-WA0009.jpg\"><img loading=\"lazy\" decoding=\"async\" class=\"alignnone wp-image-145953\" src=\"https:\/\/vinasfm.com\/noticias\/wp-content\/uploads\/2025\/03\/IMG-20250327-WA0009-1024x682.jpg\" alt=\"\" width=\"360\" height=\"240\" srcset=\"https:\/\/vinasfm.com\/noticias\/wp-content\/uploads\/2025\/03\/IMG-20250327-WA0009-1024x682.jpg 1024w, https:\/\/vinasfm.com\/noticias\/wp-content\/uploads\/2025\/03\/IMG-20250327-WA0009-300x200.jpg 300w, https:\/\/vinasfm.com\/noticias\/wp-content\/uploads\/2025\/03\/IMG-20250327-WA0009-768x512.jpg 768w, https:\/\/vinasfm.com\/noticias\/wp-content\/uploads\/2025\/03\/IMG-20250327-WA0009.jpg 1280w\" sizes=\"auto, (max-width: 360px) 100vw, 360px\" \/><\/a><\/p>\n<h6 style=\"text-align: left;\" data-sourcepos=\"5:1-5:317\">La Liga Alvearense de F\u00fatbol entreg\u00f3 pelotas a los clubes locales.<\/h6>\n<p data-sourcepos=\"7:1-7:254\"><span style=\"color: #000000;\"><em><strong>\u00abCada pelota entregada es un impulso para cada jugador y un recordatorio de que, juntos, podemos construir grandes cosas\u00bb<\/strong><\/em>, expres\u00f3 la dirigencia y aseguraron estar <em><strong>\u00ablistos para vivir un nuevo campeonato lleno de pasi\u00f3n y deporte\u00bb.<\/strong><\/em><\/span><\/p>\n<p data-sourcepos=\"9:1-9:238\"><span style=\"color: #000000;\">La entrega de pelotas ha generado gran expectativa entre los clubes y los aficionados, quienes esperan con ansias el inicio del torneo.\u00a0<\/span><\/p>\n<h2 data-sourcepos=\"9:1-9:238\"><span style=\"color: #ff0000;\">FIXTURE<\/span><\/h2>\n<p>Villa Atuel VS. Andes (en cancha de Villa Atuel)<br \/>\n<strong>S\u00e1bado:<\/strong><br \/>\n-Categor\u00eda 2015 y 2016 a las 12 horas<br \/>\n&#8211; Categor\u00eda 2014 a las 13:15<br \/>\n&#8211; Categor\u00eda 2013 a las 14:15<br \/>\n&#8211; Categor\u00eda 2012 a las 15:15<br \/>\n&#8211; S\u00e9ptima divisi\u00f3n a las 16:15<br \/>\n<strong>#Domingo<\/strong><br \/>\nVilla Atuel VS. Andes (cancha de Villa Atuel)<br \/>\n&#8211; Sexta divisi\u00f3n 12: 30 horas<br \/>\n&#8211; Quinta divisi\u00f3n 14:15 horas<br \/>\n&#8211; Primera divisi\u00f3n16:30 horas<br \/>\n\/\/\/\/\/\/\/\/\/\/\/\/\/\/\/\/\/\/\/\/\/\/\/\/\/\/\/\/\/\/\/\/\/\/\/\/\/\/\/\/\/\/\/\/\/\/\/\/\/\/\/\/\/\/\/\/\/\/\/\/\/\/\/\/\/\/\/<br \/>\nArgentino VS. 10 de Setiembre (cancha de Argentino)<br \/>\n<strong>#S\u00e1bado<\/strong><br \/>\n&#8211; Categor\u00edas 2017, 2016 y 2015 13:30 horas<br \/>\n&#8211; Categor\u00eda 2014 14:30 horas<br \/>\n&#8211; Categor\u00eda 2013 15:30 horas<br \/>\n&#8211; Categor\u00eda 2012 16:30 horas<br \/>\n<strong>#Domingo (cancha de Argentino)<\/strong><br \/>\n-S\u00e9ptima divisi\u00f3n Argentino VS 10 de Setiembre 10 horas<br \/>\n&#8211; Sexta divisi\u00f3n Argentino VS. Predio P\u00eda 11:30 horas<br \/>\n&#8211; Quinta divisi\u00f3n Argentino VS. Uni\u00f3n 14 horas<br \/>\n&#8211; Primera Divisi\u00f3n Argentino VS. Uni\u00f3n 16 horas<br \/>\n\/\/\/\/\/\/\/\/\/\/\/\/\/\/\/\/\/\/\/\/\/\/\/\/\/\/\/\/\/\/\/\/\/\/\/\/\/\/\/\/\/\/\/\/\/\/\/\/\/\/\/\/\/\/\/\/\/\/\/\/\/\/\/\/\/\/\/\/\/\/\/\/\/\/\/\/\/\/\/<br \/>\n<strong>#S\u00e1bado Bowen vs Pacifico, en Bowen<\/strong><br \/>\n&#8211; Categor\u00eda 2017, 2016 13 horas<br \/>\n&#8211; Categor\u00eda 2015 14 horas<br \/>\n&#8211; Categor\u00eda 2014 15 horas<br \/>\n-Categor\u00eda 2013 16 horas<br \/>\n&#8211; Categor\u00eda 2012 17 horas<br \/>\n<strong>#Domingo Bowen VS. Pac\u00edfico (cancha de Bowen)<\/strong><br \/>\n&#8211; S\u00e9ptima divisi\u00f3n 10 horas<br \/>\n&#8211; Sexta divisi\u00f3n 11:30 horas<br \/>\n&#8211; Quinta divisi\u00f3n 14 horas<br \/>\n&#8211; Primera 16 horas.<br \/>\n\/\/\/\/\/\/\/\/\/\/\/\/\/\/\/\/\/\/\/\/\/\/\/\/\/\/\/\/\/\/\/\/\/\/\/\/\/\/\/\/\/\/\/\/\/\/\/\/\/\/\/\/\/\/\/\/\/\/\/\/\/\/\/\/\/\/\/\/\/\/\/\/\/\/\/\/<\/p>\n<p><strong>#Domingo<\/strong> Colon VS. Boca (cancha de Col\u00f3n)<br \/>\n&#8211; Quinta divisi\u00f3n 14:15 horas<br \/>\n&#8211; Primera Visi\u00f3n 16:30 horas<br \/>\n\/\/\/\/\/\/\/\/\/\/\/\/\/\/\/\/\/\/\/\/\/\/\/\/\/\/\/\/\/\/\/\/\/\/\/\/\/\/\/\/\/\/\/\/\/\/\/\/\/\/\/\/\/\/\/\/\/\/\/\/\/\/\/\/\/\/\/\/\/<br \/>\n<strong>#Domingo<\/strong> en cancha de Carmensa<br \/>\n&#8211; Quinta Divisi\u00f3n Carmensa VS Ferro 14 horas<br \/>\n&#8211; Primera divisi\u00f3n B Carmensa VS Colonia L\u00f3pez<br \/>\n#Domingo en cancha a confirmar, primera B:<br \/>\n&#8211; G\u00fcemes VS. R\u00edo Atuel 12 horas<br \/>\n&#8211; Libertad VS. Circunvalaci\u00f3n 14 horas<br \/>\n&#8211; Belgrano VS. El Desv\u00edo 16 horas<br \/>\n\/\/\/\/\/\/\/\/\/\/\/\/\/\/\/\/\/\/\/\/\/\/\/\/\/\/\/\/\/\/\/\/\/\/\/\/\/\/\/\/\/\/<br \/>\n#S\u00e1bado Real del Padre VS Ferro, en cancha de Real<br \/>\n&#8211; Categor\u00eda 2017, 2016 13 horas<br \/>\n&#8211; Categor\u00eda 2015 14 horas<br \/>\n&#8211; Categor\u00eda 2014 15 horas<br \/>\n-Categor\u00eda 2012 17 horas<br \/>\n#Domingo Real del Padre VS. Ferro, en Cancha de Real<br \/>\n&#8211; S\u00e9ptima divisi\u00f3n 14 horas<br \/>\n&#8211; Primera 16 horas.<\/p>\n","protected":false},"excerpt":{"rendered":"<p>La emoci\u00f3n del f\u00fatbol local est\u00e1 en aumento, ya que la Liga Alvearense de F\u00fatbol se prepara para dar inicio a &#8230;<\/p>\n","protected":false},"author":7,"featured_media":145955,"comment_status":"open","ping_status":"open","sticky":false,"template":"","format":"standard","meta":{"footnotes":""},"categories":[3,38],"tags":[],"class_list":["post-145950","post","type-post","status-publish","format-standard","has-post-thumbnail","hentry","category-deportes","category-liga-alvearense-de-futbol"],"_links":{"self":[{"href":"https:\/\/vinasfm.com\/noticias\/wp-json\/wp\/v2\/posts\/145950","targetHints":{"allow":["GET"]}}],"collection":[{"href":"https:\/\/vinasfm.com\/noticias\/wp-json\/wp\/v2\/posts"}],"about":[{"href":"https:\/\/vinasfm.com\/noticias\/wp-json\/wp\/v2\/types\/post"}],"author":[{"embeddable":true,"href":"https:\/\/vinasfm.com\/noticias\/wp-json\/wp\/v2\/users\/7"}],"replies":[{"embeddable":true,"href":"https:\/\/vinasfm.com\/noticias\/wp-json\/wp\/v2\/comments?post=145950"}],"version-history":[{"count":4,"href":"https:\/\/vinasfm.com\/noticias\/wp-json\/wp\/v2\/posts\/145950\/revisions"}],"predecessor-version":[{"id":145975,"href":"https:\/\/vinasfm.com\/noticias\/wp-json\/wp\/v2\/posts\/145950\/revisions\/145975"}],"wp:featuredmedia":[{"embeddable":true,"href":"https:\/\/vinasfm.com\/noticias\/wp-json\/wp\/v2\/media\/145955"}],"wp:attachment":[{"href":"https:\/\/vinasfm.com\/noticias\/wp-json\/wp\/v2\/media?parent=145950"}],"wp:term":[{"taxonomy":"category","embeddable":true,"href":"https:\/\/vinasfm.com\/noticias\/wp-json\/wp\/v2\/categories?post=145950"},{"taxonomy":"post_tag","embeddable":true,"href":"https:\/\/vinasfm.com\/noticias\/wp-json\/wp\/v2\/tags?post=145950"}],"curies":[{"name":"wp","href":"https:\/\/api.w.org\/{rel}","templated":true}]}}