{"id":145922,"date":"2025-03-26T10:43:55","date_gmt":"2025-03-26T13:43:55","guid":{"rendered":"https:\/\/vinasfm.com\/noticias\/?p=145922"},"modified":"2025-03-27T09:49:02","modified_gmt":"2025-03-27T12:49:02","slug":"datos-que-preocupan-en-lo-que-va-del-ano-mendoza-registra-5-femicidios","status":"publish","type":"post","link":"https:\/\/vinasfm.com\/noticias\/datos-que-preocupan-en-lo-que-va-del-ano-mendoza-registra-5-femicidios\/","title":{"rendered":"DATOS QUE PREOCUPAN: EN LO QUE VA DEL A\u00d1O, MENDOZA REGISTRA 5 FEMICIDIOS"},"content":{"rendered":"<h4 class=\"description-boxed\">Preocupaci\u00f3n por el incremento de la violencia de g\u00e9nero en la provincia. Este s\u00e1bado, una docente de 27 a\u00f1os se convirti\u00f3 en la quinta v\u00edctima fatal.<\/h4>\n<p>En apenas tres meses transcurridos del 2025, Mendoza ya ha igualado la alarmante cifra de femicidios registrada durante casi todo el a\u00f1o anterior. Este dato inquietante refleja una tendencia preocupante que pone en alerta a las autoridades y a la sociedad en general. Los casos registrados han tenido como v\u00edctimas a mujeres de distintas edades y localidades de la provincia, todas asesinadas en contextos de violencia de g\u00e9nero, muchos de ellos de extrema brutalidad.<\/p>\n<div>El \u00faltimo caso ocurrido en Rivadavia,\u00a0donde una docente fue asesinada por su expareja en un comercio, es el m\u00e1s reciente de una serie de episodios que sacuden a Mendoza.<\/div>\n<div>\n<h2 class=\"bullletsmall\">Alarma por la escalada de femicidios en Mendoza<\/h2>\n<p>La estad\u00edstica es clara: con cinco femicidios registrados hasta mediados de marzo, Mendoza ya ha alcanzado la cifra total de asesinatos de mujeres en contextos de violencia de g\u00e9nero de todo el 2024.<\/p>\n<p>Cabe destacar que en 2023 se registraron ocho femicidios, por lo que de continuar este ritmo, el 2025 podr\u00eda cerrar con cifras r\u00e9cord. Estos hechos reflejan una escalada que va m\u00e1s all\u00e1 de lo num\u00e9rico, generando un fuerte impacto social y una demanda de acciones concretas para frenar esta realidad.<\/p>\n<p>En todos los casos de este a\u00f1o, los femicidios han tenido a los sospechosos identificados y detenidos. Desde violencia de g\u00e9nero\u00a0 hasta v\u00ednculos interpersonales conflictivos, los motivos detr\u00e1s de los cr\u00edmenes son diversos, pero todos coinciden en un mismo patr\u00f3n de agresi\u00f3n extrema hacia la mujer.<\/p>\n<h3 class=\"bullletsmall\">Los casos de este a\u00f1o<\/h3>\n<p>El 20 de enero se registr\u00f3 el primer femicidio del a\u00f1o con la muerte de\u00a0<b>Antonia Falc\u00f3n (60)\u00a0<\/b>en Guaymall\u00e9n, luego de que su cuerpo fuera hallado tras un incendio en su vivienda. Dami\u00e1n Dar\u00edo Orozco (40), quien le alquilaba un sector de la casa, fue detenido e imputado por femicidio.<\/p>\n<div class=\"zone zone_interp\">\n<aside class=\"piece banner standard\">\n<aside id=\"adbanner\" class=\"adbanner\" data-type=\"dfp\">\n<div id=\"entreparrafos4\" data-dfp-banner-display=\"1\" data-dfp-path=\"\/22966415484\/entreparrafos4\" data-dfp-type=\"entreparrafos\" data-dfp-id=\"entreparrafos4\" data-google-query-id=\"CMK_yeXsp4wDFcpIuAQdT_c27A\">\n<div id=\"google_ads_iframe_\/22966415484\/entreparrafos4_0__container__\"><\/div>\n<\/div>\n<\/aside>\n<\/aside>\n<\/div>\n<figure class=\"vsmimage fixed\" contenteditable=\"false\"><img loading=\"lazy\" decoding=\"async\" id=\"imgv95644v18\" src=\"https:\/\/www.mendozapost.com\/files\/image\/625\/625293\/679bd8b5099dd_570_315!.jpg?s=d33ef4cc8edc59fc62d2d183a9788762&amp;d=1742733020\" width=\"570\" height=\"315\" data-vsmid=\"625293\" data-owidth=\"1200\" data-oheight=\"675\" \/><figcaption>Antonia Falc\u00f3n.<\/p>\n<\/figcaption><\/figure>\n<p>El 31 de enero fue reportada como desaparecida\u00a0<b>Alejandra Cuevas (48)<\/b>, cuyo cuerpo calcinado fue hallado d\u00edas despu\u00e9s en Las Heras; N\u00e9stor Javier Rabano (37), con quien manten\u00eda una relaci\u00f3n informal, fue arrestado tras ser captado por c\u00e1maras junto a la v\u00edctima horas antes del crimen.<\/p>\n<p>El 17 de febrero se hall\u00f3 el cad\u00e1ver de<b>\u00a0Valeria Speziale (44)\u00a0<\/b>en la central hidroel\u00e9ctrica de Jun\u00edn; el expolic\u00eda H\u00e9ctor Ra\u00fal Castro, su pareja, fue imputado tras quedar en evidencia por contradicciones en su relato y grabaciones que lo mostraban junto a la v\u00edctima minutos antes del hecho.<\/p>\n<figure class=\"vsmimage fixed\" contenteditable=\"false\"><img loading=\"lazy\" decoding=\"async\" id=\"imgv95644v19\" src=\"https:\/\/www.mendozapost.com\/files\/image\/628\/628185\/67b602b0b9ff0_570_315!.png?s=2a369468bdbaa0e29d7b27286802497e&amp;d=1742733044\" width=\"570\" height=\"315\" data-vsmid=\"628185\" data-owidth=\"1200\" data-oheight=\"675\" \/><figcaption>\u00a0<b>\u00a0Valeria Speziale (44).<\/b><\/p>\n<\/figcaption><\/figure>\n<p>Luego, el 17 de marzo,<b>\u00a0Ver\u00f3nica Magallanes (49)\u00a0<\/b>y su hijo Mariano Celed\u00f3n (32) murieron por graves quemaduras tras un incendio provocado en su vivienda de Ciudad. Rolando Celed\u00f3n (52), expareja de la mujer, fue se\u00f1alado como el autor y\u00a0 en la ma\u00f1ana de este viernes, producto de las quemaduras que ten\u00eda en su cuerpo, falleci\u00f3.<\/p>\n<p>Finalmente, este s\u00e1bado ocurri\u00f3 el crimen de<b>\u00a0Carla Janet Del Souc<\/b>, una docente asesinada en una despensa de Rivadavia por su expareja Federico Daniel Acevedo (32), quien se quit\u00f3 la vida tras cometer el ataque.<\/p>\n<h6>MENDOZA POST.<\/h6>\n<\/div>\n","protected":false},"excerpt":{"rendered":"<p>Preocupaci\u00f3n por el incremento de la violencia de g\u00e9nero en la provincia. Este s\u00e1bado, una docente de 27 a\u00f1os se convirti\u00f3 &#8230;<\/p>\n","protected":false},"author":7,"featured_media":145924,"comment_status":"open","ping_status":"open","sticky":false,"template":"","format":"standard","meta":{"footnotes":""},"categories":[5,4],"tags":[],"class_list":["post-145922","post","type-post","status-publish","format-standard","has-post-thumbnail","hentry","category-actualidad","category-policiales"],"_links":{"self":[{"href":"https:\/\/vinasfm.com\/noticias\/wp-json\/wp\/v2\/posts\/145922","targetHints":{"allow":["GET"]}}],"collection":[{"href":"https:\/\/vinasfm.com\/noticias\/wp-json\/wp\/v2\/posts"}],"about":[{"href":"https:\/\/vinasfm.com\/noticias\/wp-json\/wp\/v2\/types\/post"}],"author":[{"embeddable":true,"href":"https:\/\/vinasfm.com\/noticias\/wp-json\/wp\/v2\/users\/7"}],"replies":[{"embeddable":true,"href":"https:\/\/vinasfm.com\/noticias\/wp-json\/wp\/v2\/comments?post=145922"}],"version-history":[{"count":1,"href":"https:\/\/vinasfm.com\/noticias\/wp-json\/wp\/v2\/posts\/145922\/revisions"}],"predecessor-version":[{"id":145925,"href":"https:\/\/vinasfm.com\/noticias\/wp-json\/wp\/v2\/posts\/145922\/revisions\/145925"}],"wp:featuredmedia":[{"embeddable":true,"href":"https:\/\/vinasfm.com\/noticias\/wp-json\/wp\/v2\/media\/145924"}],"wp:attachment":[{"href":"https:\/\/vinasfm.com\/noticias\/wp-json\/wp\/v2\/media?parent=145922"}],"wp:term":[{"taxonomy":"category","embeddable":true,"href":"https:\/\/vinasfm.com\/noticias\/wp-json\/wp\/v2\/categories?post=145922"},{"taxonomy":"post_tag","embeddable":true,"href":"https:\/\/vinasfm.com\/noticias\/wp-json\/wp\/v2\/tags?post=145922"}],"curies":[{"name":"wp","href":"https:\/\/api.w.org\/{rel}","templated":true}]}}