{"id":145901,"date":"2025-03-26T09:24:10","date_gmt":"2025-03-26T12:24:10","guid":{"rendered":"https:\/\/vinasfm.com\/noticias\/?p=145901"},"modified":"2025-03-26T11:20:50","modified_gmt":"2025-03-26T14:20:50","slug":"general-alvear-enfrento-intensas-lluvias-durante-cuatro-dias","status":"publish","type":"post","link":"https:\/\/vinasfm.com\/noticias\/general-alvear-enfrento-intensas-lluvias-durante-cuatro-dias\/","title":{"rendered":"GENERAL ALVEAR ENFRENT\u00d3 INTENSAS LLUVIAS DURANTE CASI CUATRO D\u00cdAS"},"content":{"rendered":"<h4><span style=\"color: #000000;\">El departamento se vio azotado por intensas lluvias desde el mediod\u00eda del s\u00e1bado 22 de marzo hasta la madrugada del mi\u00e9rcoles 26 de marzo, registrando importantes acumulados de agua en diversas zonas del departamento. <\/span><\/h4>\n<p><span style=\"color: #000000;\">Seg\u00fan datos de <strong>Defensa Civil<\/strong>, <em>Compuertas Negras<\/em> lleg\u00f3 a acumular <strong>118.9 mm<\/strong>, seguido de <em>La Marzolina<\/em> con <strong>114.4 mm<\/strong>, <em>Ciudad<\/em> con <strong>113 mm<\/strong>, <em>Los \u00c1ngeles<\/em> con <strong>112 mm<\/strong> y <em>La Escandinava<\/em> con <strong>108 mm<\/strong>. Por su parte, la zona de <em>Bodega Fara\u00f3n<\/em> registr\u00f3 <strong>96.5 mm<\/strong>, <em>Bowen<\/em> <strong>95.4 mm<\/strong> y <em>Canalejas<\/em> <strong>70.9 mm.<\/strong><\/span><\/p>\n<p><a href=\"https:\/\/vinasfm.com\/noticias\/wp-content\/uploads\/2025\/03\/IMG-20250326-WA0019.jpg\"><img loading=\"lazy\" decoding=\"async\" class=\"aligncenter wp-image-145918\" src=\"https:\/\/vinasfm.com\/noticias\/wp-content\/uploads\/2025\/03\/IMG-20250326-WA0019-724x1024.jpg\" alt=\"\" width=\"350\" height=\"495\" srcset=\"https:\/\/vinasfm.com\/noticias\/wp-content\/uploads\/2025\/03\/IMG-20250326-WA0019-724x1024.jpg 724w, https:\/\/vinasfm.com\/noticias\/wp-content\/uploads\/2025\/03\/IMG-20250326-WA0019-212x300.jpg 212w, https:\/\/vinasfm.com\/noticias\/wp-content\/uploads\/2025\/03\/IMG-20250326-WA0019-768x1086.jpg 768w, https:\/\/vinasfm.com\/noticias\/wp-content\/uploads\/2025\/03\/IMG-20250326-WA0019-1086x1536.jpg 1086w, https:\/\/vinasfm.com\/noticias\/wp-content\/uploads\/2025\/03\/IMG-20250326-WA0019.jpg 1131w\" sizes=\"auto, (max-width: 350px) 100vw, 350px\" \/><\/a><\/p>\n<p>&nbsp;<\/p>\n<p><span style=\"color: #000000;\">Ante la magnitud del fen\u00f3meno clim\u00e1tico,<strong> Defensa Civil trabaj\u00f3 activamente para asistir a los afectados, brindando apoyo y contenci\u00f3n a quienes lo necesitaban.<\/strong> Por su parte, personal de <strong>Servicios P\u00fablicos se despleg\u00f3 para realizar tareas de limpieza en los colectores, asegurando su correcto funcionamiento y evitando inundaciones.<\/strong><\/span><\/p>\n<p><span style=\"color: #000000;\">Las autoridades locales contin\u00faan monitoreando la situaci\u00f3n y se mantienen en alerta ante posibles nuevas precipitaciones. <strong>Se recomienda a la poblaci\u00f3n tomar precauciones y mantenerse informada a trav\u00e9s de los canales oficial<\/strong><\/span><strong><span style=\"color: #000000;\">es.<\/span><\/strong><\/p>\n<p><a href=\"https:\/\/vinasfm.com\/noticias\/wp-content\/uploads\/2025\/03\/WhatsApp-Image-2025-03-25-at-20.21.15.jpeg\"><img loading=\"lazy\" decoding=\"async\" class=\"aligncenter wp-image-145881\" src=\"https:\/\/vinasfm.com\/noticias\/wp-content\/uploads\/2025\/03\/WhatsApp-Image-2025-03-25-at-20.21.15-819x1024.jpeg\" alt=\"\" width=\"400\" height=\"500\" srcset=\"https:\/\/vinasfm.com\/noticias\/wp-content\/uploads\/2025\/03\/WhatsApp-Image-2025-03-25-at-20.21.15-819x1024.jpeg 819w, https:\/\/vinasfm.com\/noticias\/wp-content\/uploads\/2025\/03\/WhatsApp-Image-2025-03-25-at-20.21.15-240x300.jpeg 240w, https:\/\/vinasfm.com\/noticias\/wp-content\/uploads\/2025\/03\/WhatsApp-Image-2025-03-25-at-20.21.15-768x960.jpeg 768w, https:\/\/vinasfm.com\/noticias\/wp-content\/uploads\/2025\/03\/WhatsApp-Image-2025-03-25-at-20.21.15-1229x1536.jpeg 1229w, https:\/\/vinasfm.com\/noticias\/wp-content\/uploads\/2025\/03\/WhatsApp-Image-2025-03-25-at-20.21.15.jpeg 1280w\" sizes=\"auto, (max-width: 400px) 100vw, 400px\" \/><\/a><\/p>\n","protected":false},"excerpt":{"rendered":"<p>El departamento se vio azotado por intensas lluvias desde el mediod\u00eda del s\u00e1bado 22 de marzo hasta la madrugada del mi\u00e9rcoles &#8230;<\/p>\n","protected":false},"author":7,"featured_media":145903,"comment_status":"open","ping_status":"open","sticky":false,"template":"","format":"standard","meta":{"footnotes":""},"categories":[17,10],"tags":[],"class_list":["post-145901","post","type-post","status-publish","format-standard","has-post-thumbnail","hentry","category-clima","category-destacadas"],"_links":{"self":[{"href":"https:\/\/vinasfm.com\/noticias\/wp-json\/wp\/v2\/posts\/145901","targetHints":{"allow":["GET"]}}],"collection":[{"href":"https:\/\/vinasfm.com\/noticias\/wp-json\/wp\/v2\/posts"}],"about":[{"href":"https:\/\/vinasfm.com\/noticias\/wp-json\/wp\/v2\/types\/post"}],"author":[{"embeddable":true,"href":"https:\/\/vinasfm.com\/noticias\/wp-json\/wp\/v2\/users\/7"}],"replies":[{"embeddable":true,"href":"https:\/\/vinasfm.com\/noticias\/wp-json\/wp\/v2\/comments?post=145901"}],"version-history":[{"count":5,"href":"https:\/\/vinasfm.com\/noticias\/wp-json\/wp\/v2\/posts\/145901\/revisions"}],"predecessor-version":[{"id":145919,"href":"https:\/\/vinasfm.com\/noticias\/wp-json\/wp\/v2\/posts\/145901\/revisions\/145919"}],"wp:featuredmedia":[{"embeddable":true,"href":"https:\/\/vinasfm.com\/noticias\/wp-json\/wp\/v2\/media\/145903"}],"wp:attachment":[{"href":"https:\/\/vinasfm.com\/noticias\/wp-json\/wp\/v2\/media?parent=145901"}],"wp:term":[{"taxonomy":"category","embeddable":true,"href":"https:\/\/vinasfm.com\/noticias\/wp-json\/wp\/v2\/categories?post=145901"},{"taxonomy":"post_tag","embeddable":true,"href":"https:\/\/vinasfm.com\/noticias\/wp-json\/wp\/v2\/tags?post=145901"}],"curies":[{"name":"wp","href":"https:\/\/api.w.org\/{rel}","templated":true}]}}