{"id":145896,"date":"2025-03-26T09:04:02","date_gmt":"2025-03-26T12:04:02","guid":{"rendered":"https:\/\/vinasfm.com\/noticias\/?p=145896"},"modified":"2025-03-26T09:04:02","modified_gmt":"2025-03-26T12:04:02","slug":"un-camion-varado-en-la-ruta-171-genera-complicaciones-en-el-transito","status":"publish","type":"post","link":"https:\/\/vinasfm.com\/noticias\/un-camion-varado-en-la-ruta-171-genera-complicaciones-en-el-transito\/","title":{"rendered":"UN CAMI\u00d3N VARADO EN LA RUTA 171 GENERA COMPLICACIONES EN EL TR\u00c1NSITO"},"content":{"rendered":"<h4 data-sourcepos=\"3:1-3:290\"><span style=\"color: #000000;\">Desde la Jefatura de Polic\u00eda Departamental de General Alvear informaron a la comunidad que un cami\u00f3n de grandes dimensiones se encuentra varado con aver\u00edas mec\u00e1nicas en la Ruta 171, aproximadamente a siete kil\u00f3metros al norte del distrito de Real del Padre.<\/span><\/h4>\n<p data-sourcepos=\"5:1-5:312\"><span style=\"color: #000000;\">El incidente, ocurrido en la fecha, <strong>ha provocado que el veh\u00edculo ocupe media calzada, lo que dificulta el tr\u00e1nsito en la zona.<\/strong> Personal policial se encuentra en el lugar realizando tareas de se\u00f1alizaci\u00f3n para prevenir accidentes y garantizar la seguridad de los conductores mientras se resuelve el inconveniente.<\/span><\/p>\n<p data-sourcepos=\"7:1-7:212\"><span style=\"color: #000000;\"><strong>Se recomienda a los ciudadanos que deban transitar por la Ruta 171 tomar precauciones y circular con cuidado hasta que se normalice la situaci\u00f3n.<\/strong> Se informar\u00e1 a trav\u00e9s de este medio cualquier novedad al respecto.<\/span><\/p>\n","protected":false},"excerpt":{"rendered":"<p>Desde la Jefatura de Polic\u00eda Departamental de General Alvear informaron a la comunidad que un cami\u00f3n de grandes dimensiones se encuentra &#8230;<\/p>\n","protected":false},"author":7,"featured_media":145897,"comment_status":"open","ping_status":"open","sticky":false,"template":"","format":"standard","meta":{"footnotes":""},"categories":[1],"tags":[],"class_list":["post-145896","post","type-post","status-publish","format-standard","has-post-thumbnail","hentry","category-fmvinas"],"_links":{"self":[{"href":"https:\/\/vinasfm.com\/noticias\/wp-json\/wp\/v2\/posts\/145896","targetHints":{"allow":["GET"]}}],"collection":[{"href":"https:\/\/vinasfm.com\/noticias\/wp-json\/wp\/v2\/posts"}],"about":[{"href":"https:\/\/vinasfm.com\/noticias\/wp-json\/wp\/v2\/types\/post"}],"author":[{"embeddable":true,"href":"https:\/\/vinasfm.com\/noticias\/wp-json\/wp\/v2\/users\/7"}],"replies":[{"embeddable":true,"href":"https:\/\/vinasfm.com\/noticias\/wp-json\/wp\/v2\/comments?post=145896"}],"version-history":[{"count":1,"href":"https:\/\/vinasfm.com\/noticias\/wp-json\/wp\/v2\/posts\/145896\/revisions"}],"predecessor-version":[{"id":145898,"href":"https:\/\/vinasfm.com\/noticias\/wp-json\/wp\/v2\/posts\/145896\/revisions\/145898"}],"wp:featuredmedia":[{"embeddable":true,"href":"https:\/\/vinasfm.com\/noticias\/wp-json\/wp\/v2\/media\/145897"}],"wp:attachment":[{"href":"https:\/\/vinasfm.com\/noticias\/wp-json\/wp\/v2\/media?parent=145896"}],"wp:term":[{"taxonomy":"category","embeddable":true,"href":"https:\/\/vinasfm.com\/noticias\/wp-json\/wp\/v2\/categories?post=145896"},{"taxonomy":"post_tag","embeddable":true,"href":"https:\/\/vinasfm.com\/noticias\/wp-json\/wp\/v2\/tags?post=145896"}],"curies":[{"name":"wp","href":"https:\/\/api.w.org\/{rel}","templated":true}]}}