{"id":145889,"date":"2025-03-26T09:41:45","date_gmt":"2025-03-26T12:41:45","guid":{"rendered":"https:\/\/vinasfm.com\/noticias\/?p=145889"},"modified":"2025-03-27T09:49:52","modified_gmt":"2025-03-27T12:49:52","slug":"tres-siniestros-viales-tuvieron-lugar-en-la-jornada-del-martes","status":"publish","type":"post","link":"https:\/\/vinasfm.com\/noticias\/tres-siniestros-viales-tuvieron-lugar-en-la-jornada-del-martes\/","title":{"rendered":"TRES SINIESTROS VIALES TUVIERON LUGAR EN LA JORNADA DEL MARTES"},"content":{"rendered":"<h4><span style=\"color: #000000;\">Por una combinaci\u00f3n de factores humanos, mec\u00e1nicos y clim\u00e1ticos, tres accidentes de tr\u00e1nsito ocurrieron en la jornada del martes. Dos de ellos ocurrieron en el mismo lugar.<\/span><\/h4>\n<p><span style=\"color: #000000;\">Pasadas las 11:30 horas se logr\u00f3 conocer que en la intersecci\u00f3n de calles Agust\u00edn \u00c1lvarez y Uspallata, protagonizado por un autom\u00f3vil y una camioneta. Producto del siniestro, el rodado mayor volc\u00f3 sobre su lateral.\u00a0<\/span><\/p>\n<h6 style=\"text-align: center;\"><a href=\"https:\/\/vinasfm.com\/noticias\/wp-content\/uploads\/2025\/03\/IMG-20250325-WA0116.jpg\"><img loading=\"lazy\" decoding=\"async\" class=\"wp-image-145891 aligncenter\" src=\"https:\/\/vinasfm.com\/noticias\/wp-content\/uploads\/2025\/03\/IMG-20250325-WA0116-1024x461.jpg\" alt=\"\" width=\"450\" height=\"202\" srcset=\"https:\/\/vinasfm.com\/noticias\/wp-content\/uploads\/2025\/03\/IMG-20250325-WA0116-1024x461.jpg 1024w, https:\/\/vinasfm.com\/noticias\/wp-content\/uploads\/2025\/03\/IMG-20250325-WA0116-300x135.jpg 300w, https:\/\/vinasfm.com\/noticias\/wp-content\/uploads\/2025\/03\/IMG-20250325-WA0116-768x346.jpg 768w, https:\/\/vinasfm.com\/noticias\/wp-content\/uploads\/2025\/03\/IMG-20250325-WA0116.jpg 1280w\" sizes=\"auto, (max-width: 450px) 100vw, 450px\" \/><\/a>Siniestro vial en Agust\u00edn \u00c1lvarez y Uspallata.<\/h6>\n<p><span style=\"color: #000000;\">Horas m\u00e1s tardes, otro siniestro vial tuvo lugar en la cruce de calles Mitre y 26 de Julio. El mismo fue protagonizado por autom\u00f3vil y una motocicleta, producto del mismo el conductor del rodado menor result\u00f3 con lesiones leves.<\/span><\/p>\n<h6 style=\"text-align: center;\"><img loading=\"lazy\" decoding=\"async\" class=\"wp-image-145893 aligncenter\" src=\"https:\/\/vinasfm.com\/noticias\/wp-content\/uploads\/2025\/03\/IMG-20250325-WA0165-1024x768.jpg\" alt=\"\" width=\"350\" height=\"263\" srcset=\"https:\/\/vinasfm.com\/noticias\/wp-content\/uploads\/2025\/03\/IMG-20250325-WA0165-1024x768.jpg 1024w, https:\/\/vinasfm.com\/noticias\/wp-content\/uploads\/2025\/03\/IMG-20250325-WA0165-300x225.jpg 300w, https:\/\/vinasfm.com\/noticias\/wp-content\/uploads\/2025\/03\/IMG-20250325-WA0165-768x576.jpg 768w, https:\/\/vinasfm.com\/noticias\/wp-content\/uploads\/2025\/03\/IMG-20250325-WA0165.jpg 1080w\" sizes=\"auto, (max-width: 350px) 100vw, 350px\" \/>Siniestro vial en Mitre y 26 de Julio.<\/h6>\n<p><span style=\"color: #000000;\">Promediando las 19:00 horas, la esquina de Agust\u00edn \u00c1lvarez y Ustapallata fue nuevamente escenario de un siniestro. En el lugar, una camioneta Ford EcoSport circulaba por Agust\u00edn \u00c1lvarez de norte a sur y choc\u00f3 con un Renault Logan, que transitaba por Uspallata de oeste a este; producto del siniestro las ocupantes fueron trasladadas con politraumatismos leves al nosocomio local.\u00a0<\/span><\/p>\n<h6 style=\"text-align: center;\"><a href=\"https:\/\/vinasfm.com\/noticias\/wp-content\/uploads\/2025\/03\/IMG-20250325-WA0145.jpg\"><img loading=\"lazy\" decoding=\"async\" class=\"wp-image-145892 aligncenter\" src=\"https:\/\/vinasfm.com\/noticias\/wp-content\/uploads\/2025\/03\/IMG-20250325-WA0145.jpg\" alt=\"\" width=\"350\" height=\"233\" srcset=\"https:\/\/vinasfm.com\/noticias\/wp-content\/uploads\/2025\/03\/IMG-20250325-WA0145.jpg 720w, https:\/\/vinasfm.com\/noticias\/wp-content\/uploads\/2025\/03\/IMG-20250325-WA0145-300x200.jpg 300w\" sizes=\"auto, (max-width: 350px) 100vw, 350px\" \/><\/a>Segundo siniestro vial en Agust\u00edn \u00c1lvarez y Uspallata.<\/h6>\n","protected":false},"excerpt":{"rendered":"<p>Por una combinaci\u00f3n de factores humanos, mec\u00e1nicos y clim\u00e1ticos, tres accidentes de tr\u00e1nsito ocurrieron en la jornada del martes. Dos de &#8230;<\/p>\n","protected":false},"author":7,"featured_media":145890,"comment_status":"open","ping_status":"open","sticky":false,"template":"","format":"standard","meta":{"footnotes":""},"categories":[4,184],"tags":[],"class_list":["post-145889","post","type-post","status-publish","format-standard","has-post-thumbnail","hentry","category-policiales","category-siniestro-vial"],"_links":{"self":[{"href":"https:\/\/vinasfm.com\/noticias\/wp-json\/wp\/v2\/posts\/145889","targetHints":{"allow":["GET"]}}],"collection":[{"href":"https:\/\/vinasfm.com\/noticias\/wp-json\/wp\/v2\/posts"}],"about":[{"href":"https:\/\/vinasfm.com\/noticias\/wp-json\/wp\/v2\/types\/post"}],"author":[{"embeddable":true,"href":"https:\/\/vinasfm.com\/noticias\/wp-json\/wp\/v2\/users\/7"}],"replies":[{"embeddable":true,"href":"https:\/\/vinasfm.com\/noticias\/wp-json\/wp\/v2\/comments?post=145889"}],"version-history":[{"count":3,"href":"https:\/\/vinasfm.com\/noticias\/wp-json\/wp\/v2\/posts\/145889\/revisions"}],"predecessor-version":[{"id":145934,"href":"https:\/\/vinasfm.com\/noticias\/wp-json\/wp\/v2\/posts\/145889\/revisions\/145934"}],"wp:featuredmedia":[{"embeddable":true,"href":"https:\/\/vinasfm.com\/noticias\/wp-json\/wp\/v2\/media\/145890"}],"wp:attachment":[{"href":"https:\/\/vinasfm.com\/noticias\/wp-json\/wp\/v2\/media?parent=145889"}],"wp:term":[{"taxonomy":"category","embeddable":true,"href":"https:\/\/vinasfm.com\/noticias\/wp-json\/wp\/v2\/categories?post=145889"},{"taxonomy":"post_tag","embeddable":true,"href":"https:\/\/vinasfm.com\/noticias\/wp-json\/wp\/v2\/tags?post=145889"}],"curies":[{"name":"wp","href":"https:\/\/api.w.org\/{rel}","templated":true}]}}