{"id":145873,"date":"2025-03-25T17:41:37","date_gmt":"2025-03-25T20:41:37","guid":{"rendered":"https:\/\/vinasfm.com\/noticias\/?p=145873"},"modified":"2025-03-25T17:41:59","modified_gmt":"2025-03-25T20:41:59","slug":"la-comuna-se-prepara-para-mas-fuertes-lluvias-y-pide-la-colaboracion-de-los-vecinos","status":"publish","type":"post","link":"https:\/\/vinasfm.com\/noticias\/la-comuna-se-prepara-para-mas-fuertes-lluvias-y-pide-la-colaboracion-de-los-vecinos\/","title":{"rendered":"LA COMUNA SE PREPARA PARA LAS FUERTES LLUVIAS Y PIDE LA COLABORACI\u00d3N DE LOS VECINOS"},"content":{"rendered":"<h4>El director de Servicios P\u00fablicos, Mauricio Mart\u00ednez, inform\u00f3 a la ciudadan\u00eda que el municipio se encuentra en alerta ante la previsi\u00f3n de fuertes lluvias para las pr\u00f3ximas jornadas, seg\u00fan datos de Defensa Civil.<\/h4>\n<p>A pesar de que los colectores de la ciudad funcionan correctamente hasta el momento, se solicita la colaboraci\u00f3n de los vecinos para evitar arrojar basura en las cunetas y colectores, lo que podr\u00eda obstruir el paso del agua y generar inundaciones.<\/p>\n<p><strong><em>\u00abEstamos trabajando y recorriendo todos los colectores de la ciudad. Afortunadamente, hasta ahora venimos bien, no hemos tenido inconvenientes. Sin embargo, pedimos la colaboraci\u00f3n de toda la ciudadan\u00eda para evitar, de ser posible, sacar basura y tirarla en las cunetas. Es importante que tomemos las precauciones necesarias para evitar problemas en los colectores\u00bb<\/em><\/strong>, expres\u00f3 <span style=\"color: #008080;\"><strong>Mart\u00ednez<\/strong><\/span>.<\/p>\n<p>El director tambi\u00e9n se\u00f1al\u00f3 que el municipio cuenta con una guardia preparada, maquinaria y personal disponible para hacer frente a la situaci\u00f3n. <strong><em>\u00abEstamos prepar\u00e1ndonos para esto, porque estas lluvias repentinas requieren la colaboraci\u00f3n de todos\u00bb<\/em><\/strong>, agreg\u00f3.<\/p>\n<p>Ante cualquier situaci\u00f3n anormal, se solicita a los vecinos comunicarse de inmediato con Defensa Civil o con la guardia del municipio. <strong>Los tel\u00e9fonos de contacto de las \u00e1reas de Defensa Civil, Servicios P\u00fablicos y Obras P\u00fablicas permanecen activos.<\/strong><\/p>\n<p>Mart\u00ednez explic\u00f3 que <strong>la principal preocupaci\u00f3n es la cantidad de mil\u00edmetros de lluvia que puedan caer en poco tiempo, ya que esto podr\u00eda saturar los colectores.<\/strong> Adem\u00e1s, se inform\u00f3 que se est\u00e1 en comunicaci\u00f3n con la gente de Irrigaci\u00f3n para coordinar el funcionamiento de los desag\u00fces fluviales.<\/p>\n","protected":false},"excerpt":{"rendered":"<p>El director de Servicios P\u00fablicos, Mauricio Mart\u00ednez, inform\u00f3 a la ciudadan\u00eda que el municipio se encuentra en alerta ante la previsi\u00f3n &#8230;<\/p>\n","protected":false},"author":7,"featured_media":145874,"comment_status":"open","ping_status":"open","sticky":false,"template":"","format":"standard","meta":{"footnotes":""},"categories":[1],"tags":[],"class_list":["post-145873","post","type-post","status-publish","format-standard","has-post-thumbnail","hentry","category-fmvinas"],"_links":{"self":[{"href":"https:\/\/vinasfm.com\/noticias\/wp-json\/wp\/v2\/posts\/145873","targetHints":{"allow":["GET"]}}],"collection":[{"href":"https:\/\/vinasfm.com\/noticias\/wp-json\/wp\/v2\/posts"}],"about":[{"href":"https:\/\/vinasfm.com\/noticias\/wp-json\/wp\/v2\/types\/post"}],"author":[{"embeddable":true,"href":"https:\/\/vinasfm.com\/noticias\/wp-json\/wp\/v2\/users\/7"}],"replies":[{"embeddable":true,"href":"https:\/\/vinasfm.com\/noticias\/wp-json\/wp\/v2\/comments?post=145873"}],"version-history":[{"count":2,"href":"https:\/\/vinasfm.com\/noticias\/wp-json\/wp\/v2\/posts\/145873\/revisions"}],"predecessor-version":[{"id":145876,"href":"https:\/\/vinasfm.com\/noticias\/wp-json\/wp\/v2\/posts\/145873\/revisions\/145876"}],"wp:featuredmedia":[{"embeddable":true,"href":"https:\/\/vinasfm.com\/noticias\/wp-json\/wp\/v2\/media\/145874"}],"wp:attachment":[{"href":"https:\/\/vinasfm.com\/noticias\/wp-json\/wp\/v2\/media?parent=145873"}],"wp:term":[{"taxonomy":"category","embeddable":true,"href":"https:\/\/vinasfm.com\/noticias\/wp-json\/wp\/v2\/categories?post=145873"},{"taxonomy":"post_tag","embeddable":true,"href":"https:\/\/vinasfm.com\/noticias\/wp-json\/wp\/v2\/tags?post=145873"}],"curies":[{"name":"wp","href":"https:\/\/api.w.org\/{rel}","templated":true}]}}