{"id":145865,"date":"2025-03-25T15:08:29","date_gmt":"2025-03-25T18:08:29","guid":{"rendered":"https:\/\/vinasfm.com\/noticias\/?p=145865"},"modified":"2025-03-26T10:02:58","modified_gmt":"2025-03-26T13:02:58","slug":"el-isa-y-la-utn-lanzan-innovadores-cursos-y-diplomatura-para-el-2025","status":"publish","type":"post","link":"https:\/\/vinasfm.com\/noticias\/el-isa-y-la-utn-lanzan-innovadores-cursos-y-diplomatura-para-el-2025\/","title":{"rendered":"EL ISA Y LA UTN LANZAN INNOVADORES CURSOS Y DIPLOMATURA PARA EL 2025"},"content":{"rendered":"<h4 data-sourcepos=\"3:1-3:377\"><span style=\"color: #000000;\">El Instituto San Antonio (ISA) y la Universidad Tecnol\u00f3gica Nacional (UTN) Regional San Rafael han lanzado una serie de cursos de formaci\u00f3n extracurricular y una diplomatura para el ciclo 2025, con el objetivo de brindar a la comunidad de General Alvear herramientas en \u00e1reas de alta demanda como rob\u00f3tica, programaci\u00f3n y desarrollo de productos digitales.<\/span><\/h4>\n<p data-sourcepos=\"7:1-7:327\"><span style=\"color: #000000;\"><span style=\"color: #003366;\"><strong>Mauricio Mart\u00ednez<\/strong><\/span>, <em>Rector del Nivel Superior del ISA<\/em>, destac\u00f3 que los cursos est\u00e1n dise\u00f1ados para alumnos de nivel primario, secundario y adultos mayores de 18 a\u00f1os. <strong><em>\u00abQueremos ofrecer una formaci\u00f3n que complemente la educaci\u00f3n formal y responda a las necesidades de un mercado laboral en constante evoluci\u00f3n\u00bb<\/em><\/strong>, explic\u00f3 Mart\u00ednez.<\/span><\/p>\n<p data-sourcepos=\"11:1-11:276\"><span style=\"color: #000000;\">La oferta incluye cursos de rob\u00f3tica y programaci\u00f3n, <strong>con un costo de $30.000 para alumnos del ISA y $38.000 para externos.<\/strong> Adem\u00e1s, se dictar\u00e1 un curso de d<strong>esarrollo de videojuegos para estudiantes secundarios<\/strong>, con el objetivo de fomentar las industrias creativas en la regi\u00f3n.<\/span><\/p>\n<p data-sourcepos=\"13:1-13:191\"><span style=\"color: #000000;\">Para los mayores de 18 a\u00f1os, se ofrecer\u00e1 una<strong> diplomatura en productos digitales, una formaci\u00f3n que busca capacitar a profesionales en un \u00e1rea con alta demanda en la econom\u00eda del conocimiento.<\/strong><\/span><\/p>\n<p data-sourcepos=\"13:1-13:191\"><img loading=\"lazy\" decoding=\"async\" class=\"\" src=\"https:\/\/scontent.fmdz4-1.fna.fbcdn.net\/v\/t51.75761-15\/485020891_18288475252222121_5659406107153268506_n.jpg?stp=dst-jpg_tt6&amp;_nc_cat=100&amp;ccb=1-7&amp;_nc_sid=127cfc&amp;_nc_ohc=eOVIbyXOsM0Q7kNvgEpQpsm&amp;_nc_oc=Adkjkkxy-IhfZ8N3p_o6TXuZCYktzidFKmwiBgIEo_exR-i5BZW5zmikIbsk6wJBmKc&amp;_nc_zt=23&amp;_nc_ht=scontent.fmdz4-1.fna&amp;_nc_gid=zb3T9-Tbj50uTaBH8jeedg&amp;oh=00_AYENUlE8e3uy5hyrEZZf162ojNqX7-tqFkTX7twB4LCGOA&amp;oe=67E8AD93\" alt=\"Puede ser una imagen de texto\" width=\"290\" height=\"290\" \/> <img loading=\"lazy\" decoding=\"async\" class=\"\" src=\"https:\/\/scontent.fmdz4-1.fna.fbcdn.net\/v\/t51.75761-15\/485578266_18288475261222121_7917523629009976491_n.jpg?stp=dst-jpg_tt6&amp;_nc_cat=108&amp;ccb=1-7&amp;_nc_sid=127cfc&amp;_nc_ohc=_SycHzT5JUoQ7kNvgEib5Rg&amp;_nc_oc=Adn-i5AoXIUWisdkMRr3MwE_JFEnlx0STy5iIHSdI5kmNyLl4PqWyBpYhUwnHVWvZ_A&amp;_nc_zt=23&amp;_nc_ht=scontent.fmdz4-1.fna&amp;_nc_gid=rtlkI2A8mEkChND34R9rNQ&amp;oh=00_AYFlaBd1EUPOO7gawcQr8lvZlXnVPID8A2M-AU6aCVokHg&amp;oe=67E897AE\" alt=\"Puede ser una imagen de mando y texto\" width=\"290\" height=\"290\" \/> <img loading=\"lazy\" decoding=\"async\" class=\"\" src=\"https:\/\/scontent.fmdz4-1.fna.fbcdn.net\/v\/t51.75761-15\/485438506_18288475270222121_1660702944390289671_n.jpg?stp=dst-jpg_tt6&amp;_nc_cat=100&amp;ccb=1-7&amp;_nc_sid=127cfc&amp;_nc_ohc=6La6Kg-nJJwQ7kNvgFJA_kY&amp;_nc_oc=AdlW9z2qRuQKN5V28U2k_tCJOBdkIgs4VzlBHTGlqNMKosXU5Rj5lNhe2kcQYv8zOE8&amp;_nc_zt=23&amp;_nc_ht=scontent.fmdz4-1.fna&amp;_nc_gid=PA4qJ-VR3l_A2ro_NqLyhw&amp;oh=00_AYEVKmVS6Y2hq1hxwaRk85XObBAFziO07FTIhGSEWGyxNQ&amp;oe=67E8A0B7\" alt=\"Puede ser una imagen de texto\" width=\"290\" height=\"290\" \/><\/p>\n<h2 data-sourcepos=\"15:1-15:36\"><span style=\"color: #000000;\"><strong>Modalidades y horarios flexibles<\/strong><\/span><\/h2>\n<p data-sourcepos=\"17:1-17:247\"><span style=\"color: #000000;\">Los cursos se dictar\u00e1n en modalidades presencial e h\u00edbrida, con horarios adaptados a las necesidades de los estudiantes. <em><strong>\u00abSe armar\u00e1n grupos en funci\u00f3n de los turnos de cursado, para que todos tengan la oportunidad de participar\u00bb<\/strong><\/em>, asegur\u00f3 Mart\u00ednez.<\/span><\/p>\n<p data-sourcepos=\"21:1-21:281\"><span style=\"color: #000000;\">El <span style=\"color: #003366;\"><strong>Ing. \u00c1ngel Quiles<\/strong><\/span>, <em>secretario de Extensi\u00f3n Universitaria de la UTN San Rafael<\/em>, resalt\u00f3 la importancia de esta iniciativa para la regi\u00f3n. <em><strong>\u00abLa econom\u00eda del conocimiento nos brinda la oportunidad de formar a j\u00f3venes en disciplinas que ser\u00e1n clave en el futuro\u00bb<\/strong><\/em>, afirm\u00f3 Quiles.<\/span><\/p>\n<p data-sourcepos=\"25:1-25:193\"><span style=\"color: #000000;\">Las <a href=\"https:\/\/l.facebook.com\/l.php?u=http%3A%2F%2Fwww.isaalvear.edu.ar%2F%3Ffbclid%3DIwZXh0bgNhZW0CMTAAAR0pP2VdStEnv4oDPP-MaFqacAJxxg94th6Qh7M2XiwjPigSENV-_iZdCIA_aem_d6oCGg27kxhD5Cb_XhNlgg&amp;h=AT1B16nbeGLiYYwUfUZ98giXimQARsyX1_PXBiyuuzDJPSOhfhiSDxDKZY7z3sjUqCg7N0_8Ue3RxJk1Y9cpv3P9q44b2XCgjDq-YMkwgznAbnUyYIw2aHCbigumAvffrAIdsA\">inscripciones ya est\u00e1n abiertas<\/a> y los cupos son limitados. Los interesados pueden acercarse al Instituto San Antonio en horario de ma\u00f1ana o tarde para obtener m\u00e1s informaci\u00f3n e inscribirse.<\/span><\/p>\n","protected":false},"excerpt":{"rendered":"<p>El Instituto San Antonio (ISA) y la Universidad Tecnol\u00f3gica Nacional (UTN) Regional San Rafael han lanzado una serie de cursos de &#8230;<\/p>\n","protected":false},"author":7,"featured_media":145871,"comment_status":"open","ping_status":"open","sticky":false,"template":"","format":"standard","meta":{"footnotes":""},"categories":[10,18],"tags":[],"class_list":["post-145865","post","type-post","status-publish","format-standard","has-post-thumbnail","hentry","category-destacadas","category-educacion"],"_links":{"self":[{"href":"https:\/\/vinasfm.com\/noticias\/wp-json\/wp\/v2\/posts\/145865","targetHints":{"allow":["GET"]}}],"collection":[{"href":"https:\/\/vinasfm.com\/noticias\/wp-json\/wp\/v2\/posts"}],"about":[{"href":"https:\/\/vinasfm.com\/noticias\/wp-json\/wp\/v2\/types\/post"}],"author":[{"embeddable":true,"href":"https:\/\/vinasfm.com\/noticias\/wp-json\/wp\/v2\/users\/7"}],"replies":[{"embeddable":true,"href":"https:\/\/vinasfm.com\/noticias\/wp-json\/wp\/v2\/comments?post=145865"}],"version-history":[{"count":2,"href":"https:\/\/vinasfm.com\/noticias\/wp-json\/wp\/v2\/posts\/145865\/revisions"}],"predecessor-version":[{"id":145872,"href":"https:\/\/vinasfm.com\/noticias\/wp-json\/wp\/v2\/posts\/145865\/revisions\/145872"}],"wp:featuredmedia":[{"embeddable":true,"href":"https:\/\/vinasfm.com\/noticias\/wp-json\/wp\/v2\/media\/145871"}],"wp:attachment":[{"href":"https:\/\/vinasfm.com\/noticias\/wp-json\/wp\/v2\/media?parent=145865"}],"wp:term":[{"taxonomy":"category","embeddable":true,"href":"https:\/\/vinasfm.com\/noticias\/wp-json\/wp\/v2\/categories?post=145865"},{"taxonomy":"post_tag","embeddable":true,"href":"https:\/\/vinasfm.com\/noticias\/wp-json\/wp\/v2\/tags?post=145865"}],"curies":[{"name":"wp","href":"https:\/\/api.w.org\/{rel}","templated":true}]}}