{"id":145856,"date":"2025-03-25T11:53:25","date_gmt":"2025-03-25T14:53:25","guid":{"rendered":"https:\/\/vinasfm.com\/noticias\/?p=145856"},"modified":"2025-03-26T10:03:33","modified_gmt":"2025-03-26T13:03:33","slug":"casa-salonia-fue-el-escenario-de-la-agencia-de-desarrollo-regional-del-sur-mendocino","status":"publish","type":"post","link":"https:\/\/vinasfm.com\/noticias\/casa-salonia-fue-el-escenario-de-la-agencia-de-desarrollo-regional-del-sur-mendocino\/","title":{"rendered":"CASA SALONIA FUE EL ESCENARIO DE LA AGENCIA DE DESARROLLO REGIONAL DEL SUR MENDOCINO"},"content":{"rendered":"<h4><span style=\"color: #000000;\">En Casa Salonia, se llev\u00f3 a cabo un nuevo encuentro de la Agencia de Desarrollo Regional del Sur Mendocino, un esfuerzo conjunto que busca potenciar el desarrollo territorial de los departamentos de San Rafael, General Alvear y Malargue. <\/span><\/h4>\n<p><span style=\"color: #000000;\"><strong><span style=\"color: #003366;\">Felipe Genovese<\/span><\/strong>, <em>secretario de Ciencia y Tecnolog\u00eda y Vicedecano de la Facultad Regional San Rafael de la Universidad Tecnol\u00f3gica Nacional<\/em> (UTN), destac\u00f3 la importancia de esta iniciativa que se ha estado gestando desde hace casi un a\u00f1o.<\/span><\/p>\n<p><span style=\"color: #000000;\"><em><strong>\u201cEs un paso m\u00e1s despu\u00e9s de haber iniciado este esfuerzo mancomunado de los tres intendentes con la decisi\u00f3n de conformar una nueva organizaci\u00f3n que tenga que ver con el desarrollo territorial del sur de Mendoza de manera coherente y coordinada\u201d<\/strong><\/em>, afirm\u00f3 Genovese. La agencia tiene como objetivo coordinar acciones, concertar ideas y perseguir proyectos en un marco de colaboraci\u00f3n que permita dejar de lado las disputas hist\u00f3ricas entre los departamentos.<\/span><\/p>\n<p><span style=\"color: #000000;\">Durante el encuentro, se abordaron temas claves para el desarrollo de la regi\u00f3n, que enfrenta diversas necesidades institucionales y organizativas. Genovese mencion\u00f3 que se est\u00e1n formando agentes de los tres municipios y que se ha desarrollado una diplomatura en desarrollo territorial, as\u00ed como capacitaciones espec\u00edficas sobre el sistema de informaci\u00f3n territorial. <em><strong>\u201cTodos los departamentos del sur tienen su propia base de informaci\u00f3n, y poder evaluar esas potencialidades es fundamental para nuestro avance\u201d<\/strong><\/em>, explic\u00f3.<\/span><\/p>\n<p><a href=\"https:\/\/vinasfm.com\/noticias\/wp-content\/uploads\/2025\/03\/Agencia-de-Desarrollo-Regional-del-Sur-Mendocino-4-scaled.jpg\"><img loading=\"lazy\" decoding=\"async\" class=\"alignnone wp-image-145860\" src=\"https:\/\/vinasfm.com\/noticias\/wp-content\/uploads\/2025\/03\/Agencia-de-Desarrollo-Regional-del-Sur-Mendocino-4-1024x576.jpg\" alt=\"\" width=\"360\" height=\"203\" srcset=\"https:\/\/vinasfm.com\/noticias\/wp-content\/uploads\/2025\/03\/Agencia-de-Desarrollo-Regional-del-Sur-Mendocino-4-1024x576.jpg 1024w, https:\/\/vinasfm.com\/noticias\/wp-content\/uploads\/2025\/03\/Agencia-de-Desarrollo-Regional-del-Sur-Mendocino-4-300x169.jpg 300w, https:\/\/vinasfm.com\/noticias\/wp-content\/uploads\/2025\/03\/Agencia-de-Desarrollo-Regional-del-Sur-Mendocino-4-768x432.jpg 768w, https:\/\/vinasfm.com\/noticias\/wp-content\/uploads\/2025\/03\/Agencia-de-Desarrollo-Regional-del-Sur-Mendocino-4-1536x864.jpg 1536w, https:\/\/vinasfm.com\/noticias\/wp-content\/uploads\/2025\/03\/Agencia-de-Desarrollo-Regional-del-Sur-Mendocino-4-2048x1152.jpg 2048w, https:\/\/vinasfm.com\/noticias\/wp-content\/uploads\/2025\/03\/Agencia-de-Desarrollo-Regional-del-Sur-Mendocino-4-750x420.jpg 750w, https:\/\/vinasfm.com\/noticias\/wp-content\/uploads\/2025\/03\/Agencia-de-Desarrollo-Regional-del-Sur-Mendocino-4-1140x641.jpg 1140w\" sizes=\"auto, (max-width: 360px) 100vw, 360px\" \/><\/a> <a href=\"https:\/\/vinasfm.com\/noticias\/wp-content\/uploads\/2025\/03\/Agencia-de-Desarrollo-Regional-del-Sur-Mendocino-11-scaled.jpg\"><img loading=\"lazy\" decoding=\"async\" class=\"alignnone wp-image-145861\" src=\"https:\/\/vinasfm.com\/noticias\/wp-content\/uploads\/2025\/03\/Agencia-de-Desarrollo-Regional-del-Sur-Mendocino-11-1024x576.jpg\" alt=\"\" width=\"360\" height=\"203\" srcset=\"https:\/\/vinasfm.com\/noticias\/wp-content\/uploads\/2025\/03\/Agencia-de-Desarrollo-Regional-del-Sur-Mendocino-11-1024x576.jpg 1024w, https:\/\/vinasfm.com\/noticias\/wp-content\/uploads\/2025\/03\/Agencia-de-Desarrollo-Regional-del-Sur-Mendocino-11-300x169.jpg 300w, https:\/\/vinasfm.com\/noticias\/wp-content\/uploads\/2025\/03\/Agencia-de-Desarrollo-Regional-del-Sur-Mendocino-11-768x432.jpg 768w, https:\/\/vinasfm.com\/noticias\/wp-content\/uploads\/2025\/03\/Agencia-de-Desarrollo-Regional-del-Sur-Mendocino-11-1536x864.jpg 1536w, https:\/\/vinasfm.com\/noticias\/wp-content\/uploads\/2025\/03\/Agencia-de-Desarrollo-Regional-del-Sur-Mendocino-11-2048x1152.jpg 2048w, https:\/\/vinasfm.com\/noticias\/wp-content\/uploads\/2025\/03\/Agencia-de-Desarrollo-Regional-del-Sur-Mendocino-11-750x420.jpg 750w, https:\/\/vinasfm.com\/noticias\/wp-content\/uploads\/2025\/03\/Agencia-de-Desarrollo-Regional-del-Sur-Mendocino-11-1140x641.jpg 1140w\" sizes=\"auto, (max-width: 360px) 100vw, 360px\" \/><\/a><\/p>\n<h6>Encuentro de la Agencia de Desarrollo Regional del Sur Mendocino en Casa Salonia.<\/h6>\n<p><span style=\"color: #000000;\">El <em>intendente de General Alvear<\/em>, <span style=\"color: #003366;\"><strong>Alejandro Molero<\/strong><\/span>, inaugur\u00f3 la jornada y subray\u00f3 la importancia de trabajar en conjunto.<em><strong> \u201cLos tres departamentos sure\u00f1os tenemos m\u00e1s cosas en com\u00fan que diferencias. Minimizar esas diferencias nos permitir\u00e1 enfocarnos en cuatro o cinco ejes de desarrollo espec\u00edficos\u201d<\/strong><\/em>, declar\u00f3. Molero enfatiz\u00f3 que es momento de dejar de quejarse y comenzar a trabajar con toda la potencialidad que ofrece el sur de Mendoza.<\/span><\/p>\n<p><span style=\"color: #000000;\">El intendente tambi\u00e9n destac\u00f3 que, a pesar de las diferencias pol\u00edticas, los tres intendentes est\u00e1n comprometidos a colaborar para que el oasis sur de la provincia se convierta en un modelo de desarrollo en los pr\u00f3ximos a\u00f1os. <strong><em>\u201cEsto pol\u00edticamente es trascendental. Estamos felices de tener el apoyo de la Universidad Tecnol\u00f3gica Nacional como \u00f3rgano rector de esta iniciativa\u201d<\/em><\/strong>, a\u00f1adi\u00f3.<\/span><\/p>\n<p><span style=\"color: #000000;\">Adem\u00e1s, el encuentro incluy\u00f3 una videoconferencia con expertos de Espa\u00f1a, quienes compartieron modelos de desarrollo que podr\u00edan ser aplicables a la regi\u00f3n. Molero concluy\u00f3 que el objetivo es que esta iniciativa se convierta en una pol\u00edtica de Estado que trascienda las gestiones de los municipios, evitando que quede en el olvido como ha sucedido con proyectos anteriores.<\/span><\/p>\n<p><span style=\"color: #000000;\">La creaci\u00f3n de <strong>la Agencia de Desarrollo Regional del Sur Mendocino representa una oportunidad \u00fanica para fomentar el crecimiento y desarrollo de una regi\u00f3n que, a pesar de sus desaf\u00edos, posee un gran potencial.<\/strong> Con un enfoque en la colaboraci\u00f3n y la capacitaci\u00f3n, los l\u00edderes locales buscan construir un futuro m\u00e1s pr\u00f3spero para sus comunidades.<\/span><\/p>\n","protected":false},"excerpt":{"rendered":"<p>En Casa Salonia, se llev\u00f3 a cabo un nuevo encuentro de la Agencia de Desarrollo Regional del Sur Mendocino, un esfuerzo &#8230;<\/p>\n","protected":false},"author":7,"featured_media":145859,"comment_status":"open","ping_status":"open","sticky":false,"template":"","format":"standard","meta":{"footnotes":""},"categories":[5,10],"tags":[],"class_list":["post-145856","post","type-post","status-publish","format-standard","has-post-thumbnail","hentry","category-actualidad","category-destacadas"],"_links":{"self":[{"href":"https:\/\/vinasfm.com\/noticias\/wp-json\/wp\/v2\/posts\/145856","targetHints":{"allow":["GET"]}}],"collection":[{"href":"https:\/\/vinasfm.com\/noticias\/wp-json\/wp\/v2\/posts"}],"about":[{"href":"https:\/\/vinasfm.com\/noticias\/wp-json\/wp\/v2\/types\/post"}],"author":[{"embeddable":true,"href":"https:\/\/vinasfm.com\/noticias\/wp-json\/wp\/v2\/users\/7"}],"replies":[{"embeddable":true,"href":"https:\/\/vinasfm.com\/noticias\/wp-json\/wp\/v2\/comments?post=145856"}],"version-history":[{"count":2,"href":"https:\/\/vinasfm.com\/noticias\/wp-json\/wp\/v2\/posts\/145856\/revisions"}],"predecessor-version":[{"id":145863,"href":"https:\/\/vinasfm.com\/noticias\/wp-json\/wp\/v2\/posts\/145856\/revisions\/145863"}],"wp:featuredmedia":[{"embeddable":true,"href":"https:\/\/vinasfm.com\/noticias\/wp-json\/wp\/v2\/media\/145859"}],"wp:attachment":[{"href":"https:\/\/vinasfm.com\/noticias\/wp-json\/wp\/v2\/media?parent=145856"}],"wp:term":[{"taxonomy":"category","embeddable":true,"href":"https:\/\/vinasfm.com\/noticias\/wp-json\/wp\/v2\/categories?post=145856"},{"taxonomy":"post_tag","embeddable":true,"href":"https:\/\/vinasfm.com\/noticias\/wp-json\/wp\/v2\/tags?post=145856"}],"curies":[{"name":"wp","href":"https:\/\/api.w.org\/{rel}","templated":true}]}}