{"id":145823,"date":"2025-03-24T16:09:49","date_gmt":"2025-03-24T19:09:49","guid":{"rendered":"https:\/\/vinasfm.com\/noticias\/?p=145823"},"modified":"2025-03-26T08:31:19","modified_gmt":"2025-03-26T11:31:19","slug":"natasha-oneschuck-invito-a-reflexionar-en-el-marco-del-dia-de-la-memoria","status":"publish","type":"post","link":"https:\/\/vinasfm.com\/noticias\/natasha-oneschuck-invito-a-reflexionar-en-el-marco-del-dia-de-la-memoria\/","title":{"rendered":"NATASHA ONESCHUCK INVIT\u00d3 A REFLEXIONAR EN EL MARCO DEL \u00abD\u00cdA DE LA MEMORIA\u00bb"},"content":{"rendered":"<h4><span style=\"color: #000000;\">Cada 24 de marzo se conmemora el D\u00eda Nacional de la Memoria por la Verdad y la Justicia, el acto conmemorativo organizado por la Municipalidad de General Alvear debi\u00f3 ser postergado debido a las inclemencias clim\u00e1ticas. <\/span><\/h4>\n<p><span style=\"color: #000000;\">Natasha Oneschuck, Coordinadora de Derechos Humanos de la Comuna, se refiri\u00f3 a la jornada de reflexi\u00f3n y confirm\u00f3 que <em><strong>\u00abel acto se realizar\u00e1 en los pr\u00f3ximos d\u00edas\u00bb<\/strong><\/em>. El mismo tendr\u00eda como escenario la primera cuadra del boulevard norte, en donde se reinaugurar\u00eda el<em> &#8216;Paseo de la Memoria&#8217;.<\/em><\/span><\/p>\n<p data-sourcepos=\"7:1-7:356\"><span style=\"color: #000000;\">Oneschuck destac\u00f3 la importancia de esta fecha para la reflexi\u00f3n y el recuerdo de las v\u00edctimas de la \u00faltima dictadura c\u00edvico-militar. <em><strong>\u00abEs una fecha muy cara para un gran grupo de gente del pa\u00eds\u00bb<\/strong><\/em>, se\u00f1al\u00f3. <em><strong>\u00abComo siempre, las ONG y los familiares de desaparecidos realizan la marcha, y desde la gesti\u00f3n actual tambi\u00e9n acompa\u00f1amos este d\u00eda de mucha reflexi\u00f3n\u00bb.<\/strong><\/em><\/span><\/p>\n<p data-sourcepos=\"9:1-9:544\"><span style=\"color: #000000;\">Sobre el <em>&#8216;Paseo de la Memoria&#8217;<\/em>, la coordinadora se\u00f1al\u00f3 que<em><strong> \u00abera una espacio que estaba muy desmejorado. Se decidi\u00f3 reacondicionarlo y sumarle m\u00e1s informaci\u00f3n, incluyendo los nombres de los desaparecidos y fallacidos de General Alvear, y un reconocimiento especial a los familiares y j\u00f3ivenes que luchan por la Memoria, Verdad y Justicia\u00bb.<\/strong><\/em><\/span><\/p>\n<p data-sourcepos=\"9:1-9:544\"><a href=\"https:\/\/vinasfm.com\/noticias\/wp-content\/uploads\/2025\/03\/FB_IMG_1742908417065.jpg\"><img loading=\"lazy\" decoding=\"async\" class=\"wp-image-145826 aligncenter\" src=\"https:\/\/vinasfm.com\/noticias\/wp-content\/uploads\/2025\/03\/FB_IMG_1742908417065.jpg\" alt=\"\" width=\"350\" height=\"438\" srcset=\"https:\/\/vinasfm.com\/noticias\/wp-content\/uploads\/2025\/03\/FB_IMG_1742908417065.jpg 720w, https:\/\/vinasfm.com\/noticias\/wp-content\/uploads\/2025\/03\/FB_IMG_1742908417065-240x300.jpg 240w\" sizes=\"auto, (max-width: 350px) 100vw, 350px\" \/><\/a><\/p>\n<h6 style=\"text-align: center;\" data-sourcepos=\"9:1-9:544\">La reflexi\u00f3n del Municipio de General Alvear.<\/h6>\n<p data-sourcepos=\"11:1-11:425\"><span style=\"color: #000000;\">Consultada sobre el reciente video del Gobierno Nacional que agrega la palabra<strong> \u00abcompleta\u00bb<\/strong> al reclamo de Memoria, Verdad y Justicia, Oneschuck expres\u00f3 su postura: <em><strong>\u00abEntiendo que pueda darse este tipo de mensajes, ya que hay libertad de expresi\u00f3n, pero me parece bastante repudiable el hecho de negar o quitar el foco a la violaci\u00f3n de derechos fundamentales y los cr\u00edmenes de lesa humanidad ocurridos durante la dictadura\u00bb.<\/strong><\/em><\/span><\/p>\n<p data-sourcepos=\"13:1-13:306\"><span style=\"color: #000000;\"><strong><em>\u00abCreo que hay que enfocarse en los valores, en los derechos y en recordar y mantener la memoria colectiva por todas las v\u00edctimas\u00bb<\/em><\/strong>, enfatiz\u00f3 Oneschuck. <em><strong>\u00abIndependientemente de las l\u00edneas pol\u00edticas actuales, debemos recordar que fue un gobierno de facto que se vali\u00f3 de quitar los derechos de los ciudadanos\u00bb,\u00a0<\/strong><\/em>sostuvo en di\u00e1logo con FM VI\u00d1AS.<\/span><\/p>\n<p data-sourcepos=\"15:1-15:372\"><span style=\"color: #000000;\">Finalmente, Oneschuck invit\u00f3 a la comunidad, especialmente a los j\u00f3venes, a visitar el renovado Paseo de la Memoria para informarse y reflexionar sobre este importante cap\u00edtulo de la historia argentina. <strong><em>\u00abM\u00e1s all\u00e1 de que no exista hoy el acto, los invitamos a la reflexi\u00f3n y a visitar el Paseo de la Memoria, que ya est\u00e1 arreglado, para mirar, leer e informarse\u00bb<\/em><\/strong>, concluy\u00f3.<\/span><\/p>\n","protected":false},"excerpt":{"rendered":"<p>Cada 24 de marzo se conmemora el D\u00eda Nacional de la Memoria por la Verdad y la Justicia, el acto conmemorativo &#8230;<\/p>\n","protected":false},"author":7,"featured_media":145825,"comment_status":"open","ping_status":"open","sticky":false,"template":"","format":"standard","meta":{"footnotes":""},"categories":[5,11],"tags":[],"class_list":["post-145823","post","type-post","status-publish","format-standard","has-post-thumbnail","hentry","category-actualidad","category-sociales"],"_links":{"self":[{"href":"https:\/\/vinasfm.com\/noticias\/wp-json\/wp\/v2\/posts\/145823","targetHints":{"allow":["GET"]}}],"collection":[{"href":"https:\/\/vinasfm.com\/noticias\/wp-json\/wp\/v2\/posts"}],"about":[{"href":"https:\/\/vinasfm.com\/noticias\/wp-json\/wp\/v2\/types\/post"}],"author":[{"embeddable":true,"href":"https:\/\/vinasfm.com\/noticias\/wp-json\/wp\/v2\/users\/7"}],"replies":[{"embeddable":true,"href":"https:\/\/vinasfm.com\/noticias\/wp-json\/wp\/v2\/comments?post=145823"}],"version-history":[{"count":2,"href":"https:\/\/vinasfm.com\/noticias\/wp-json\/wp\/v2\/posts\/145823\/revisions"}],"predecessor-version":[{"id":145827,"href":"https:\/\/vinasfm.com\/noticias\/wp-json\/wp\/v2\/posts\/145823\/revisions\/145827"}],"wp:featuredmedia":[{"embeddable":true,"href":"https:\/\/vinasfm.com\/noticias\/wp-json\/wp\/v2\/media\/145825"}],"wp:attachment":[{"href":"https:\/\/vinasfm.com\/noticias\/wp-json\/wp\/v2\/media?parent=145823"}],"wp:term":[{"taxonomy":"category","embeddable":true,"href":"https:\/\/vinasfm.com\/noticias\/wp-json\/wp\/v2\/categories?post=145823"},{"taxonomy":"post_tag","embeddable":true,"href":"https:\/\/vinasfm.com\/noticias\/wp-json\/wp\/v2\/tags?post=145823"}],"curies":[{"name":"wp","href":"https:\/\/api.w.org\/{rel}","templated":true}]}}