{"id":145816,"date":"2025-03-25T09:47:26","date_gmt":"2025-03-25T12:47:26","guid":{"rendered":"https:\/\/vinasfm.com\/noticias\/?p=145816"},"modified":"2025-03-26T08:30:16","modified_gmt":"2025-03-26T11:30:16","slug":"una-mujer-resulto-con-heridas-leves-luego-de-protagonizar-un-siniestro-vial-en-bowen","status":"publish","type":"post","link":"https:\/\/vinasfm.com\/noticias\/una-mujer-resulto-con-heridas-leves-luego-de-protagonizar-un-siniestro-vial-en-bowen\/","title":{"rendered":"UNA MUJER RESULT\u00d3 CON HERIDAS LEVES LUEGO DE PROTAGONIZAR UN SINIESTRO VIAL EN BOWEN"},"content":{"rendered":"<h4 data-sourcepos=\"3:1-3:350\">Un accidente de tr\u00e1nsito tuvo lugar el lunes promediando las 11:00 horas en la intersecci\u00f3n de la Av. Sarmiento y Bartolom\u00e9 Mitre, de Bowen. El incidente involucr\u00f3 a dos veh\u00edculos: un Volkswagen Saveiro, conducido por J.L.P.E. de 64 a\u00f1os, y un Toyota Yaris, conducido por A.S.C. de 43 a\u00f1os.<\/h4>\n<p data-sourcepos=\"5:1-5:225\">Seg\u00fan la informaci\u00f3n policial, el siniestro ocurri\u00f3 cuando el Volkswagen Saveiro, que circulaba por Bartolom\u00e9 Mitre de oeste a este, colision\u00f3 con el Toyota Yaris, que transitaba por la avenida Sarmiento de sur a norte.<\/p>\n<p data-sourcepos=\"7:1-7:298\">A consecuencia del impacto, <strong>la conductora del Toyota Yaris, A.S.C., fue asistida en el Centro de Salud de Bowen por dolor en el brazo izquierdo<\/strong>. Afortunadamente,<strong> no presentaba lesiones visibles<\/strong>. Ambos conductores fueron sometidos a <strong>pruebas de alcoholemia, las cuales arrojaron resultados negativos.<\/strong><\/p>\n<p data-sourcepos=\"9:1-9:154\">El ayudante fiscal en turno, Dr. Mauro Jerez, ha tomado conocimiento del hecho y dispuso las medidas correspondientes para la investigaci\u00f3n del accidente.<\/p>\n","protected":false},"excerpt":{"rendered":"<p>Un accidente de tr\u00e1nsito tuvo lugar el lunes promediando las 11:00 horas en la intersecci\u00f3n de la Av. Sarmiento y Bartolom\u00e9 &#8230;<\/p>\n","protected":false},"author":7,"featured_media":56107,"comment_status":"open","ping_status":"open","sticky":false,"template":"","format":"standard","meta":{"footnotes":""},"categories":[4,184],"tags":[],"class_list":["post-145816","post","type-post","status-publish","format-standard","has-post-thumbnail","hentry","category-policiales","category-siniestro-vial"],"_links":{"self":[{"href":"https:\/\/vinasfm.com\/noticias\/wp-json\/wp\/v2\/posts\/145816","targetHints":{"allow":["GET"]}}],"collection":[{"href":"https:\/\/vinasfm.com\/noticias\/wp-json\/wp\/v2\/posts"}],"about":[{"href":"https:\/\/vinasfm.com\/noticias\/wp-json\/wp\/v2\/types\/post"}],"author":[{"embeddable":true,"href":"https:\/\/vinasfm.com\/noticias\/wp-json\/wp\/v2\/users\/7"}],"replies":[{"embeddable":true,"href":"https:\/\/vinasfm.com\/noticias\/wp-json\/wp\/v2\/comments?post=145816"}],"version-history":[{"count":1,"href":"https:\/\/vinasfm.com\/noticias\/wp-json\/wp\/v2\/posts\/145816\/revisions"}],"predecessor-version":[{"id":145817,"href":"https:\/\/vinasfm.com\/noticias\/wp-json\/wp\/v2\/posts\/145816\/revisions\/145817"}],"wp:featuredmedia":[{"embeddable":true,"href":"https:\/\/vinasfm.com\/noticias\/wp-json\/wp\/v2\/media\/56107"}],"wp:attachment":[{"href":"https:\/\/vinasfm.com\/noticias\/wp-json\/wp\/v2\/media?parent=145816"}],"wp:term":[{"taxonomy":"category","embeddable":true,"href":"https:\/\/vinasfm.com\/noticias\/wp-json\/wp\/v2\/categories?post=145816"},{"taxonomy":"post_tag","embeddable":true,"href":"https:\/\/vinasfm.com\/noticias\/wp-json\/wp\/v2\/tags?post=145816"}],"curies":[{"name":"wp","href":"https:\/\/api.w.org\/{rel}","templated":true}]}}