{"id":145813,"date":"2025-03-25T09:20:31","date_gmt":"2025-03-25T12:20:31","guid":{"rendered":"https:\/\/vinasfm.com\/noticias\/?p=145813"},"modified":"2025-03-26T08:30:35","modified_gmt":"2025-03-26T11:30:35","slug":"salud-adhiere-al-dia-mundial-de-la-concientizacion-contra-el-cancer-de-cuello-uterino","status":"publish","type":"post","link":"https:\/\/vinasfm.com\/noticias\/salud-adhiere-al-dia-mundial-de-la-concientizacion-contra-el-cancer-de-cuello-uterino\/","title":{"rendered":"SALUD ADHIERE AL D\u00cdA MUNDIAL DE LA CONCIENTIZACI\u00d3N CONTRA EL C\u00c1NCER DE CUELLO UTERINO"},"content":{"rendered":"<h5><span style=\"color: #000000;\">En Argentina anualmente, se enferman alrededor de 5.000 mujeres y mueren, aproximadamente 2.200 mujeres por c\u00e1ncer de cuello uterino y en Mendoza, alrededor de 250 contraen la enfermedad y 50 a 60 mujeres mueren por esta patolog\u00eda, siendo \u00e9sta una enfermedad altamente prevenible.<\/span><\/h5>\n<p><span style=\"color: #000000;\">El <strong>Ministerio de Salud y Deportes<\/strong>, desde <strong>el Programa de Detecci\u00f3n Precoz del C\u00e1ncer de Cuello Uterino y Mama<\/strong>, en el marco del<strong> D\u00eda Mundial de la Concientizaci\u00f3n contra el C\u00e1ncer de Cuello Uterino<\/strong>, que se celebra el 26 de marzo,\u00a0 busca concientizar en la prevenci\u00f3n de esta enfermedad. Promoviendo que las mujeres se\u00a0 realicen los controles anuales establecidos.<\/span><\/p>\n<p><span style=\"color: #000000;\">As\u00ed tambi\u00e9n, el Ministerio recuerda que<strong> Mendoza cuenta en centros de salud y hospitales p\u00fablicos, con el test de detecci\u00f3n del virus del papiloma humano (test de VPH), que se puede realizar a partir de los 30 y hasta los 65 a\u00f1os<\/strong>. Y en esta oportunidad, adem\u00e1s del test de detecci\u00f3n del Virus del papiloma humano, se va a estar brindando informaci\u00f3n y asesoramiento a las mujeres que asistan a los efectores sanitarios p\u00fablicos de la Provincia.<\/span><\/p>\n<p><span style=\"color: #000000;\">El C\u00e1ncer de Cuello Uterino es provocado por el <strong>Virus del Papiloma Humano<\/strong><em> (VPH).<\/em> Se calcula que del 70 la 80 % de la poblaci\u00f3n est\u00e1 afectado por este virus.<strong> En la mayor\u00eda de los casos, se cura espont\u00e1neamente, pero si persiste, los cambios celulares que produce, pueden evolucionar al c\u00e1ncer.<\/strong><\/span><\/p>\n<p><span style=\"color: #000000;\">Desde el momento de su contagio, el virus, puede producir lesiones precancerosas <em>(llamadas precursoras)<\/em>, que hasta que evolucionan al c\u00e1ncer, pasan aproximadamente, 10 a\u00f1os. En este per\u00edodo, mediante la citolog\u00eda <em>(Prueba de Papanicolaou)<\/em>, colposcop\u00eda y\/o detecci\u00f3n viral, se pueden detectar lesiones producidas por el virus, asintom\u00e1ticas, antes de la aparici\u00f3n del c\u00e1ncer. A esto se le llama tamizaje (<em>screening<\/em>). Una vez diagnosticada la lesi\u00f3n precursora, mediante un tratamiento sencillo, se logra la eliminaci\u00f3n de la enfermedad.<\/span><\/p>\n<p><span style=\"color: #000000;\">Toda mujer, indistintamente de su raza o condici\u00f3n social, puede ser afectada por el virus, pero el c\u00e1ncer se desarrolla, mayormente, en aquellas pacientes que no se realizaron las pruebas de tamizaje.<\/span><\/p>\n<p><span style=\"color: #000000;\">La prevenci\u00f3n primaria comienza con la vacunaci\u00f3n de las ni\u00f1as de 9 a 14 a\u00f1os antes de que inicien su vida sexual. <strong>Otras intervenciones preventivas, destinadas a chicos y chicas, seg\u00fan proceda son: educar en materia de pr\u00e1cticas sexuales seguras y retrasar el inicio de la actividad sexual, promover el uso de preservativos y suministrarlos a quienes ya hayan iniciado su vida sexual, advertir contra el consumo de tabaco, que a menudo comienza en la adolescencia y es un factor de riesgo importante de C\u00e1ncer de Cuello y de otros tipos de c\u00e1ncer.<\/strong><\/span><\/p>\n<p><span style=\"color: #000000;\">Las mujeres deben saber que, tanto en la salud p\u00fablica como privada, es su derecho y deber, realizarse las pruebas de tamizaje, sin necesidad de orden m\u00e9dica previa, siempre y cuando est\u00e9n comprendidas en el rango de edad <em>(entre los 25 y los 65 a\u00f1os)<\/em>.<\/span><\/p>\n<p><span style=\"color: #000000;\">Desde los 25 a los 29 a\u00f1os, se realiza la prueba de citolog\u00eda <em>(Papanicolaou)<\/em>. A partir de los 30 y hasta los 65 a\u00f1os, disponemos en Mendoza, en centros de salud y hospitales p\u00fablicos, del test de detecci\u00f3n del virus del papiloma humano <em>(test de VPH)<\/em>. Este test tiene la ventaja de ser mas sensible para detectar lesiones precancerosas, puede ser aplicado en forma de aut\u00f3noma <em>(por la misma mujer, en el centro de salud o en su domicilio)<\/em> y si da negativo, el control se hace reci\u00e9n a los 5 a\u00f1os, con la practicidad que esto implica tanto para la paciente como para el sistema de salud.<\/span><\/p>\n<p><span style=\"color: #000000;\">Es deber de las autoridades de salud bregar para la concientizaci\u00f3n en la prevenci\u00f3n de esta enfermedad, pero tambi\u00e9n de la comunidad m\u00e9dica, de los medios de comunicaci\u00f3n, de las obras sociales, ONGs, las familias y poblaci\u00f3n en general.<\/span><\/p>\n<p><strong><span style=\"color: #000000;\">El C\u00e1ncer de Cuello de \u00datero podr\u00eda ser erradicado como un problema de salud\u00a0y disminuir sensiblemente su incidencia en poco tiempo, si tomamos conciencia de la importancia de la prevenci\u00f3n y aplicamos los recursos disponibles.<\/span><\/strong><\/p>\n<p><span style=\"color: #000000;\">Actualmente la OMS considera al c\u00e1ncer de cuello uterino como una enfermedad de la pobreza, porque afecta predominantemente a aquellas mujeres que no tienen un f\u00e1cil acceso a los sistemas de salud por falta de transporte, desconocimiento o falta de conciencia en su prevenci\u00f3n.<\/span><\/p>\n<p><span style=\"color: #000000;\">La mujer afectada por esta enfermedad, generalmente es madre de muchos hijos, muchas veces sost\u00e9n de familia y su muerte, deja a esos ni\u00f1os en riesgo de vulnerabilidad social, lo que a su vez retroalimenta la pobreza.<\/span><\/p>\n","protected":false},"excerpt":{"rendered":"<p>En Argentina anualmente, se enferman alrededor de 5.000 mujeres y mueren, aproximadamente 2.200 mujeres por c\u00e1ncer de cuello uterino y en &#8230;<\/p>\n","protected":false},"author":7,"featured_media":145814,"comment_status":"open","ping_status":"open","sticky":false,"template":"","format":"standard","meta":{"footnotes":""},"categories":[10,33],"tags":[],"class_list":["post-145813","post","type-post","status-publish","format-standard","has-post-thumbnail","hentry","category-destacadas","category-seguridad"],"_links":{"self":[{"href":"https:\/\/vinasfm.com\/noticias\/wp-json\/wp\/v2\/posts\/145813","targetHints":{"allow":["GET"]}}],"collection":[{"href":"https:\/\/vinasfm.com\/noticias\/wp-json\/wp\/v2\/posts"}],"about":[{"href":"https:\/\/vinasfm.com\/noticias\/wp-json\/wp\/v2\/types\/post"}],"author":[{"embeddable":true,"href":"https:\/\/vinasfm.com\/noticias\/wp-json\/wp\/v2\/users\/7"}],"replies":[{"embeddable":true,"href":"https:\/\/vinasfm.com\/noticias\/wp-json\/wp\/v2\/comments?post=145813"}],"version-history":[{"count":1,"href":"https:\/\/vinasfm.com\/noticias\/wp-json\/wp\/v2\/posts\/145813\/revisions"}],"predecessor-version":[{"id":145815,"href":"https:\/\/vinasfm.com\/noticias\/wp-json\/wp\/v2\/posts\/145813\/revisions\/145815"}],"wp:featuredmedia":[{"embeddable":true,"href":"https:\/\/vinasfm.com\/noticias\/wp-json\/wp\/v2\/media\/145814"}],"wp:attachment":[{"href":"https:\/\/vinasfm.com\/noticias\/wp-json\/wp\/v2\/media?parent=145813"}],"wp:term":[{"taxonomy":"category","embeddable":true,"href":"https:\/\/vinasfm.com\/noticias\/wp-json\/wp\/v2\/categories?post=145813"},{"taxonomy":"post_tag","embeddable":true,"href":"https:\/\/vinasfm.com\/noticias\/wp-json\/wp\/v2\/tags?post=145813"}],"curies":[{"name":"wp","href":"https:\/\/api.w.org\/{rel}","templated":true}]}}