{"id":145795,"date":"2025-03-24T11:25:57","date_gmt":"2025-03-24T14:25:57","guid":{"rendered":"https:\/\/vinasfm.com\/noticias\/?p=145795"},"modified":"2025-03-25T10:30:16","modified_gmt":"2025-03-25T13:30:16","slug":"iberte-fecovita-otro-capitulo-de-la-novela-judicial-de-la-vitivinicultura","status":"publish","type":"post","link":"https:\/\/vinasfm.com\/noticias\/iberte-fecovita-otro-capitulo-de-la-novela-judicial-de-la-vitivinicultura\/","title":{"rendered":"IBERTE FECOVITA: OTRO CAP\u00cdTULO DE LA NOVELA JUDICIAL DE LA VITIVINICULTURA"},"content":{"rendered":"<h4>Este martes los directivos de Fecovita deben notificarse de la imputaci\u00f3n por posible estafa contra Iberte. Los demandantes piden el uso de la fuerza p\u00fablica.<\/h4>\n<article class=\"article-body article-body--first-paragraph\">El pr\u00f3ximo martes, el edificio del\u00a0<strong>Ministerio P\u00fablico Fiscal<\/strong>\u00a0en el moderno\u00a0<strong>Polo Judicial<\/strong>\u00a0ser\u00e1 el escenario de un nuevo cap\u00edtulo del conflicto entre la empresa\u00a0<strong>Iberte<\/strong>, del empresario espa\u00f1ol\u00a0<strong>Juan Jos\u00e9 Retamero<\/strong>, y directivos y exdirectivos de\u00a0<strong>Fecovita<\/strong>. Este caso se ha transformado en la gran novela judicial de la\u00a0<strong>vitivinicultura de Mendoza<\/strong>.<\/p>\n<\/article>\n<article class=\"article-body article-body--second-paragraph\">\n<h2>Audiencia clave Fecovita-Iberte<\/h2>\n<p>Este martes 25 est\u00e1 convocada, por cuarta vez, la audiencia de\u00a0<strong>notificaci\u00f3n de la imputaci\u00f3n<\/strong>\u00a0en la investigaci\u00f3n por presunta\u00a0<strong>estafa<\/strong>\u00a0a\u00a0<strong>Rub\u00e9n Panella<\/strong>,\u00a0<strong>Eduardo Sancho<\/strong>,\u00a0<strong>Jorge Ira\u00f1eta<\/strong>\u00a0y\u00a0<strong>Juan \u00c1ngel Rodr\u00edguez<\/strong>.\u00a0<strong>Alejandro Iturbide<\/strong>, Jefe de Fiscales, en la \u00faltima postergaci\u00f3n, aclar\u00f3 que esta pr\u00f3rroga era para asegurar su presencia personal en la audiencia. Subray\u00f3 la importancia del caso y de este\u00a0<strong>acto procesal<\/strong>, teniendo en cuenta que pudieran solicitarse\u00a0<strong>indemnizaciones<\/strong>\u00a0y\u00a0<strong>reparaciones de da\u00f1os<\/strong>\u00a0a los afectados. Adem\u00e1s, orden\u00f3 la recopilaci\u00f3n, por parte de la Justicia, de los\u00a0<strong>bienes de los imputados<\/strong>\u00a0y, si fuera necesario y correspondiera, del\u00a0<strong>patrimonio de sus familiares<\/strong>.<\/p>\n<article class=\"article-body article-body--second-paragraph\">Las\u00a0audiencias anteriores sufrieron\u00a0<strong>diversas postergaciones<\/strong>\u00a0debido a presentaciones de los\u00a0<strong>abogados defensores<\/strong>. Este hecho motiv\u00f3 a los letrados que llevan adelante la\u00a0<strong>querella<\/strong>\u00a0a presentar un escrito solicitando a la fiscal\u00eda que, si se sigue demorando injustificadamente la presentaci\u00f3n, se utilice el\u00a0<strong>auxilio de la fuerza p\u00fablica<\/strong>.<\/p>\n<p><img decoding=\"async\" class=\"aligncenter\" src=\"https:\/\/media.sitioandino.com.ar\/p\/ffae7ef082512b866cf965030d173824\/adjuntos\/335\/imagenes\/000\/763\/0000763298\/790x0\/smart\/imagepng.png\" alt=\"La Bodega Resero en San Juan, uno de los focos del conflicto entre Iberte y Fecovita\" \/><\/p>\n<\/article>\n<article class=\"article-body article-body--second-paragraph\"><strong>Carlos Aguinaga<\/strong>, abogado de la parte querellante, explic\u00f3:\u00a0<em>\u201cComo ocurre en cualquier causa penal, si el imputado no se presenta ante la Fiscal\u00eda, corresponde que se lo lleve con el\u00a0<strong>auxilio de la fuerza p\u00fablica<\/strong>, es decir, lo va a buscar la polic\u00eda a su casa y lo lleva a la Fiscal\u00eda. De producirse esa situaci\u00f3n, se ver\u00eda m\u00e1s comprometida la tramitaci\u00f3n del proceso en libertad, ya que puede ser tomada como un caso de\u00a0<strong>peligro procesal<\/strong>\u00a0que amerita el dictado de la\u00a0<strong>prisi\u00f3n preventiva<\/strong>\u00a0o una\u00a0<strong>restricci\u00f3n a la libertad<\/strong>\u201d.<\/em><\/p>\n<p><strong>Marcelo Biglieri<\/strong>, abogado de los directivos y exdirectivos de la\u00a0<strong>cooperativa vitivin\u00edcola<\/strong>, destac\u00f3 que<strong>\u00a0el fiscal ya desestim\u00f3 el \u00faltimo viernes la presentaci\u00f3n para el uso de la<\/strong>\u00a0<strong>fuerza p\u00fablica<\/strong>. Remarc\u00f3 que la estrategia de los patrocinantes de Iberte es, mediante escritos, generar noticias\u00a0<em>\u201caunque el fiscal despu\u00e9s les deniegue todo, como en este caso\u201d.<\/em><\/p>\n<p>Tambi\u00e9n adelant\u00f3 que este martes\u00a0<strong>los dirigentes se presentar\u00e1n ante el fiscal para notificarse y ejercer su derecho de defensa<\/strong>\u00a0en una causa que\u00a0<em>\u201cno tiene ning\u00fan sustento\u201d<\/em>, seg\u00fan vienen afirmando desde el comienzo los denunciados.<\/p>\n<h6>Sitio Andino.<\/h6>\n<p>&nbsp;<\/p>\n<\/article>\n<\/article>\n","protected":false},"excerpt":{"rendered":"<p>Este martes los directivos de Fecovita deben notificarse de la imputaci\u00f3n por posible estafa contra Iberte. Los demandantes piden el uso &#8230;<\/p>\n","protected":false},"author":7,"featured_media":145796,"comment_status":"open","ping_status":"open","sticky":false,"template":"","format":"standard","meta":{"footnotes":""},"categories":[5,10],"tags":[],"class_list":["post-145795","post","type-post","status-publish","format-standard","has-post-thumbnail","hentry","category-actualidad","category-destacadas"],"_links":{"self":[{"href":"https:\/\/vinasfm.com\/noticias\/wp-json\/wp\/v2\/posts\/145795","targetHints":{"allow":["GET"]}}],"collection":[{"href":"https:\/\/vinasfm.com\/noticias\/wp-json\/wp\/v2\/posts"}],"about":[{"href":"https:\/\/vinasfm.com\/noticias\/wp-json\/wp\/v2\/types\/post"}],"author":[{"embeddable":true,"href":"https:\/\/vinasfm.com\/noticias\/wp-json\/wp\/v2\/users\/7"}],"replies":[{"embeddable":true,"href":"https:\/\/vinasfm.com\/noticias\/wp-json\/wp\/v2\/comments?post=145795"}],"version-history":[{"count":1,"href":"https:\/\/vinasfm.com\/noticias\/wp-json\/wp\/v2\/posts\/145795\/revisions"}],"predecessor-version":[{"id":145797,"href":"https:\/\/vinasfm.com\/noticias\/wp-json\/wp\/v2\/posts\/145795\/revisions\/145797"}],"wp:featuredmedia":[{"embeddable":true,"href":"https:\/\/vinasfm.com\/noticias\/wp-json\/wp\/v2\/media\/145796"}],"wp:attachment":[{"href":"https:\/\/vinasfm.com\/noticias\/wp-json\/wp\/v2\/media?parent=145795"}],"wp:term":[{"taxonomy":"category","embeddable":true,"href":"https:\/\/vinasfm.com\/noticias\/wp-json\/wp\/v2\/categories?post=145795"},{"taxonomy":"post_tag","embeddable":true,"href":"https:\/\/vinasfm.com\/noticias\/wp-json\/wp\/v2\/tags?post=145795"}],"curies":[{"name":"wp","href":"https:\/\/api.w.org\/{rel}","templated":true}]}}