{"id":145755,"date":"2025-03-22T10:12:53","date_gmt":"2025-03-22T13:12:53","guid":{"rendered":"https:\/\/vinasfm.com\/noticias\/?p=145755"},"modified":"2025-03-24T10:13:44","modified_gmt":"2025-03-24T13:13:44","slug":"un-hombre-fue-aprehendido-por-conducir-en-estado-de-ebriedad","status":"publish","type":"post","link":"https:\/\/vinasfm.com\/noticias\/un-hombre-fue-aprehendido-por-conducir-en-estado-de-ebriedad\/","title":{"rendered":"UN HOMBRE FUE APREHENDIDO POR CONDUCIR EN ESTADO DE EBRIEDAD"},"content":{"rendered":"<h4 data-sourcepos=\"3:1-3:202\">En las primeras horas de hoy, promediando las 02:25, un hombre de 36 a\u00f1os fue aprehendido por conducir bajo los efectos del alcohol en la intersecci\u00f3n de Zamenhof y Av. Libertador Norte.<\/h4>\n<p data-sourcepos=\"5:1-5:330\">El incidente ocurri\u00f3 cuando personal de la Polic\u00eda de Seguridad Vial, que realizaba tareas operativas en la zona, <strong>detuvo un veh\u00edculo Fiat para un control de rutina.<\/strong> Al realizar la prueba de alcoholemia al conductor,<strong> identificado como J. D. P. D., el resultado arroj\u00f3 un nivel de 1,18 g\/l, superando el l\u00edmite permitido por la ley.<\/strong><\/p>\n<p data-sourcepos=\"7:1-7:320\">Ante esta situaci\u00f3n, las autoridades procedieron a la retenci\u00f3n del veh\u00edculo y de la licencia de conducir del individuo. J. D. P. D. fue aprehendido y ahora enfrenta cargos por infracci\u00f3n al art\u00edculo 67 bis de la Ley 9099. <strong>El veh\u00edculo qued\u00f3 alojado en la Comisar\u00eda 14\u00b0 a disposici\u00f3n del Juzgado de Paz y Contravencional.<\/strong><\/p>\n<p data-sourcepos=\"9:1-9:223\">Este incidente resalta la importancia de no conducir bajo los efectos del alcohol, ya que pone en riesgo la vida propia y la de los dem\u00e1s. Las autoridades contin\u00faan trabajando para garantizar la seguridad vial en la regi\u00f3n.<\/p>\n","protected":false},"excerpt":{"rendered":"<p>En las primeras horas de hoy, promediando las 02:25, un hombre de 36 a\u00f1os fue aprehendido por conducir bajo los efectos &#8230;<\/p>\n","protected":false},"author":7,"featured_media":130381,"comment_status":"open","ping_status":"open","sticky":false,"template":"","format":"standard","meta":{"footnotes":""},"categories":[4,56],"tags":[],"class_list":["post-145755","post","type-post","status-publish","format-standard","has-post-thumbnail","hentry","category-policiales","category-seguridad-vial"],"_links":{"self":[{"href":"https:\/\/vinasfm.com\/noticias\/wp-json\/wp\/v2\/posts\/145755","targetHints":{"allow":["GET"]}}],"collection":[{"href":"https:\/\/vinasfm.com\/noticias\/wp-json\/wp\/v2\/posts"}],"about":[{"href":"https:\/\/vinasfm.com\/noticias\/wp-json\/wp\/v2\/types\/post"}],"author":[{"embeddable":true,"href":"https:\/\/vinasfm.com\/noticias\/wp-json\/wp\/v2\/users\/7"}],"replies":[{"embeddable":true,"href":"https:\/\/vinasfm.com\/noticias\/wp-json\/wp\/v2\/comments?post=145755"}],"version-history":[{"count":1,"href":"https:\/\/vinasfm.com\/noticias\/wp-json\/wp\/v2\/posts\/145755\/revisions"}],"predecessor-version":[{"id":145756,"href":"https:\/\/vinasfm.com\/noticias\/wp-json\/wp\/v2\/posts\/145755\/revisions\/145756"}],"wp:featuredmedia":[{"embeddable":true,"href":"https:\/\/vinasfm.com\/noticias\/wp-json\/wp\/v2\/media\/130381"}],"wp:attachment":[{"href":"https:\/\/vinasfm.com\/noticias\/wp-json\/wp\/v2\/media?parent=145755"}],"wp:term":[{"taxonomy":"category","embeddable":true,"href":"https:\/\/vinasfm.com\/noticias\/wp-json\/wp\/v2\/categories?post=145755"},{"taxonomy":"post_tag","embeddable":true,"href":"https:\/\/vinasfm.com\/noticias\/wp-json\/wp\/v2\/tags?post=145755"}],"curies":[{"name":"wp","href":"https:\/\/api.w.org\/{rel}","templated":true}]}}