{"id":145719,"date":"2025-03-21T12:01:25","date_gmt":"2025-03-21T15:01:25","guid":{"rendered":"https:\/\/vinasfm.com\/noticias\/?p=145719"},"modified":"2025-03-24T10:19:01","modified_gmt":"2025-03-24T13:19:01","slug":"general-alvear-impulsa-la-educacion-superior-con-una-creciente-matricula-estudiantil","status":"publish","type":"post","link":"https:\/\/vinasfm.com\/noticias\/general-alvear-impulsa-la-educacion-superior-con-una-creciente-matricula-estudiantil\/","title":{"rendered":"GENERAL ALVEAR IMPULSA LA EDUCACI\u00d3N SUPERIOR CON UNA CRECIENTE MATR\u00cdCULA ESTUDIANTIL"},"content":{"rendered":"<h4><span style=\"color: #000000;\">En un hito para la educaci\u00f3n superior en General Alvear, el municipio celebr\u00f3 el inicio de dos nuevas carreras de grado: el Profesorado de Educaci\u00f3n F\u00edsica y la Licenciatura en Enfermer\u00eda.<\/span><\/h4>\n<p><span style=\"color: #000000;\"> Este logro, seg\u00fan el <em>director de Educaci\u00f3n<\/em>, <span style=\"color: #003366;\"><strong>Jos\u00e9 Mor\u00e1n<\/strong><\/span>,<em><strong> <span class=\"grammar correction\" title=\"En una tipograf\u00eda cuidada, use comillas tipogr\u00e1ficas.\" data-type=\"grammar\" data-suggestions=\"[{&quot;value&quot;:&quot;\u201c&quot;},{&quot;value&quot;:&quot;\u00ab&quot;}]\" data-rule=\"COMILLAS_TIPOGRAFICAS\" data-word=\"&quot;\">\u201c<\/span>nos llena de satisfacci\u00f3n<span class=\"grammar correction\" title=\"En una tipograf\u00eda cuidada, use comillas tipogr\u00e1ficas.\" data-type=\"grammar\" data-suggestions=\"[{&quot;value&quot;:&quot;\u201d&quot;},{&quot;value&quot;:&quot;\u00bb&quot;}]\" data-rule=\"COMILLAS_TIPOGRAFICAS\" data-word=\"&quot;\">\u201d<\/span><\/strong><\/em> y marca un antes y un despu\u00e9s en la oferta educativa de la ciudad. <em><strong><span class=\"grammar correction\" title=\"En una tipograf\u00eda cuidada, use comillas tipogr\u00e1ficas.\" data-type=\"grammar\" data-suggestions=\"[{&quot;value&quot;:&quot;\u201c&quot;},{&quot;value&quot;:&quot;\u00ab&quot;}]\" data-rule=\"COMILLAS_TIPOGRAFICAS\" data-word=\"&quot;\">\u201c<\/span>Estamos muy contentos de tener hoy funcionando las dos carreras de grado<span class=\"grammar correction\" title=\"En una tipograf\u00eda cuidada, use comillas tipogr\u00e1ficas.\" data-type=\"grammar\" data-suggestions=\"[{&quot;value&quot;:&quot;\u201d&quot;},{&quot;value&quot;:&quot;\u00bb&quot;}]\" data-rule=\"COMILLAS_TIPOGRAFICAS\" data-word=\"&quot;\">\u201d<\/span><\/strong><\/em>, afirm\u00f3 Mor\u00e1n, destacando el <strong><em><span class=\"grammar correction\" title=\"En una tipograf\u00eda cuidada, use comillas tipogr\u00e1ficas.\" data-type=\"grammar\" data-suggestions=\"[{&quot;value&quot;:&quot;\u201c&quot;},{&quot;value&quot;:&quot;\u00ab&quot;}]\" data-rule=\"COMILLAS_TIPOGRAFICAS\" data-word=\"&quot;\">\u201c<\/span>trabajo muy importante de log\u00edstica<span class=\"grammar correction\" title=\"En una tipograf\u00eda cuidada, use comillas tipogr\u00e1ficas.\" data-type=\"grammar\" data-suggestions=\"[{&quot;value&quot;:&quot;\u201d&quot;},{&quot;value&quot;:&quot;\u00bb&quot;}]\" data-rule=\"COMILLAS_TIPOGRAFICAS\" data-word=\"&quot;\">\u201d<\/span><\/em><\/strong> realizado por el municipio en colaboraci\u00f3n con diversas instituciones. El <span style=\"color: #993300;\">Profesorado de Educaci\u00f3n F\u00edsica<\/span>, que inici\u00f3 sus clases con 55 alumnos, y la<span style=\"color: #993300;\"> Licenciatura en Enfermer\u00eda<\/span>, que cuenta con el apoyo de la <span style=\"color: #808000;\">Universidad 3 de Febrero<\/span> y la <span style=\"color: #808000;\">Cooperativa <span class=\"error misspelling\" title=\"Se ha encontrado un posible error ortogr\u00e1fico.\" data-type=\"misspelling\" data-suggestions=\"[{&quot;value&quot;:&quot;Cenagal&quot;},{&quot;value&quot;:&quot;Cascajal&quot;}]\" data-rule=\"MORFOLOGIK_RULE_ES\" data-word=\"Cecsagal\">Cecsagal<\/span><\/span>, representan un <em><strong><span class=\"grammar correction\" title=\"En una tipograf\u00eda cuidada, use comillas tipogr\u00e1ficas.\" data-type=\"grammar\" data-suggestions=\"[{&quot;value&quot;:&quot;\u201c&quot;},{&quot;value&quot;:&quot;\u00ab&quot;}]\" data-rule=\"COMILLAS_TIPOGRAFICAS\" data-word=\"&quot;\">\u201c<\/span>cambio en la educaci\u00f3n<span class=\"grammar correction\" title=\"En una tipograf\u00eda cuidada, use comillas tipogr\u00e1ficas.\" data-type=\"grammar\" data-suggestions=\"[{&quot;value&quot;:&quot;\u201d&quot;},{&quot;value&quot;:&quot;\u00bb&quot;}]\" data-rule=\"COMILLAS_TIPOGRAFICAS\" data-word=\"&quot;\">\u201d<\/span><\/strong><\/em> para General Alvear. <\/span><\/p>\n<p><span style=\"color: #000000;\">El funcionario resalt\u00f3 el desaf\u00edo superado al traer estas carreras a la ciudad: <strong><em><span class=\"grammar correction\" title=\"En una tipograf\u00eda cuidada, use comillas tipogr\u00e1ficas.\" data-type=\"grammar\" data-suggestions=\"[{&quot;value&quot;:&quot;\u201c&quot;},{&quot;value&quot;:&quot;\u00ab&quot;}]\" data-rule=\"COMILLAS_TIPOGRAFICAS\" data-word=\"&quot;\">\u201c<\/span>Cuando mir\u00e1bamos<\/em> <span class=\"grammar correction\" title=\"Expresi\u00f3n incorrecta.\" data-type=\"grammar\" data-suggestions=\"[{&quot;value&quot;:&quot;hace unos meses&quot;},{&quot;value&quot;:&quot;unos meses atr\u00e1s&quot;}]\" data-rule=\"HACE_UN_MES_ATRAS\" data-word=\"hace unos meses atr\u00e1s\">hace unos meses<\/span> la posibilidad de traer carreras de grado al, me parec\u00eda impensado este profesorado<span class=\"grammar correction\" title=\"En una tipograf\u00eda cuidada, use comillas tipogr\u00e1ficas.\" data-type=\"grammar\" data-suggestions=\"[{&quot;value&quot;:&quot;\u201d&quot;},{&quot;value&quot;:&quot;\u00bb&quot;}]\" data-rule=\"COMILLAS_TIPOGRAFICAS\" data-word=\"&quot;\">\u201d<\/span>.<\/strong> Sin embargo, gracias al esfuerzo conjunto, <em><strong><span class=\"grammar correction\" title=\"En una tipograf\u00eda cuidada, use comillas tipogr\u00e1ficas.\" data-type=\"grammar\" data-suggestions=\"[{&quot;value&quot;:&quot;\u201c&quot;},{&quot;value&quot;:&quot;\u00ab&quot;}]\" data-rule=\"COMILLAS_TIPOGRAFICAS\" data-word=\"&quot;\">\u201c<\/span>pudimos cerrar este convenio y hoy ya es el puntapi\u00e9 inicial<span class=\"grammar correction\" title=\"En una tipograf\u00eda cuidada, use comillas tipogr\u00e1ficas.\" data-type=\"grammar\" data-suggestions=\"[{&quot;value&quot;:&quot;\u201d&quot;},{&quot;value&quot;:&quot;\u00bb&quot;}]\" data-rule=\"COMILLAS_TIPOGRAFICAS\" data-word=\"&quot;\">\u201d<\/span>. <\/strong><\/em><\/span><\/p>\n<p><span style=\"color: #000000;\">La expansi\u00f3n de la oferta educativa ha atra\u00eddo a un n\u00famero significativo de estudiantes de otras localidades y provincias. Seg\u00fan datos proporcionados por Mor\u00e1n, <strong><em><span class=\"grammar correction\" title=\"En una tipograf\u00eda cuidada, use comillas tipogr\u00e1ficas.\" data-type=\"grammar\" data-suggestions=\"[{&quot;value&quot;:&quot;\u201c&quot;},{&quot;value&quot;:&quot;\u00ab&quot;}]\" data-rule=\"COMILLAS_TIPOGRAFICAS\" data-word=\"&quot;\">\u201c<\/span>hoy tenemos m\u00e1s de 800 personas que estudian en General Alvear, donde 280 no son del departamento<span class=\"grammar correction\" title=\"En una tipograf\u00eda cuidada, use comillas tipogr\u00e1ficas.\" data-type=\"grammar\" data-suggestions=\"[{&quot;value&quot;:&quot;\u201d&quot;},{&quot;value&quot;:&quot;\u00bb&quot;}]\" data-rule=\"COMILLAS_TIPOGRAFICAS\" data-word=\"&quot;\">\u201d<\/span>.<\/em><\/strong> Esta cifra incluye estudiantes de San Rafael, Maip\u00fa, Malarg\u00fce, La Pampa, San Luis y Neuqu\u00e9n. <\/span><\/p>\n<p><span style=\"color: #000000;\">Mor\u00e1n tambi\u00e9n destac\u00f3 el perfil diverso de los estudiantes: <em><strong><span class=\"grammar correction\" title=\"En una tipograf\u00eda cuidada, use comillas tipogr\u00e1ficas.\" data-type=\"grammar\" data-suggestions=\"[{&quot;value&quot;:&quot;\u201c&quot;},{&quot;value&quot;:&quot;\u00ab&quot;}]\" data-rule=\"COMILLAS_TIPOGRAFICAS\" data-word=\"&quot;\">\u201c<\/span>Del total de los 867, el 53,4% superan los 30 a\u00f1os de edad<span class=\"grammar correction\" title=\"En una tipograf\u00eda cuidada, use comillas tipogr\u00e1ficas.\" data-type=\"grammar\" data-suggestions=\"[{&quot;value&quot;:&quot;\u201d&quot;},{&quot;value&quot;:&quot;\u00bb&quot;}]\" data-rule=\"COMILLAS_TIPOGRAFICAS\" data-word=\"&quot;\">\u201d<\/span>.<\/strong><\/em> Este dato refleja el inter\u00e9s de personas adultas por acceder a nuevas oportunidades educativas y laborales. <\/span><\/p>\n<p><span style=\"color: #000000;\">Adem\u00e1s de las nuevas carreras de grado, General Alvear ofrece otras 12 opciones de estudio, incluyendo la carrera de Contador P\u00fablico, gracias a un acuerdo con la Universidad de R\u00edo Cuarto. <em><strong><span class=\"grammar correction\" title=\"En una tipograf\u00eda cuidada, use comillas tipogr\u00e1ficas.\" data-type=\"grammar\" data-suggestions=\"[{&quot;value&quot;:&quot;\u201c&quot;},{&quot;value&quot;:&quot;\u00ab&quot;}]\" data-rule=\"COMILLAS_TIPOGRAFICAS\" data-word=\"&quot;\">\u201c<\/span>Somos uno de los pocos que hemos podido lograrlo en el pa\u00eds<span class=\"grammar correction\" title=\"En una tipograf\u00eda cuidada, use comillas tipogr\u00e1ficas.\" data-type=\"grammar\" data-suggestions=\"[{&quot;value&quot;:&quot;\u201d&quot;},{&quot;value&quot;:&quot;\u00bb&quot;}]\" data-rule=\"COMILLAS_TIPOGRAFICAS\" data-word=\"&quot;\">\u201d<\/span><\/strong><\/em>, subray\u00f3 Mor\u00e1n, refiri\u00e9ndose a la modalidad virtual de la carrera, que permite a los estudiantes cursar a distancia y rendir ex\u00e1menes presenciales.<\/span><\/p>\n<p><span style=\"color: #000000;\"> El director de Educaci\u00f3n concluy\u00f3 resaltando el impacto econ\u00f3mico positivo que genera la llegada de estudiantes de otras localidades: <strong><em><span class=\"grammar correction\" title=\"En una tipograf\u00eda cuidada, use comillas tipogr\u00e1ficas.\" data-type=\"grammar\" data-suggestions=\"[{&quot;value&quot;:&quot;\u201c&quot;},{&quot;value&quot;:&quot;\u00ab&quot;}]\" data-rule=\"COMILLAS_TIPOGRAFICAS\" data-word=\"&quot;\">\u201c<\/span>Si continuamos trabajando de esta manera, vamos a lograr darle un gran crecimiento econ\u00f3mico al departamento<span class=\"grammar correction\" title=\"En una tipograf\u00eda cuidada, use comillas tipogr\u00e1ficas.\" data-type=\"grammar\" data-suggestions=\"[{&quot;value&quot;:&quot;\u201d&quot;},{&quot;value&quot;:&quot;\u00bb&quot;}]\" data-rule=\"COMILLAS_TIPOGRAFICAS\" data-word=\"&quot;\">\u201d<\/span>.\u00a0<\/em><\/strong> La demanda de alojamiento, servicios y comercio contribuye al desarrollo de la ciudad.<\/span><\/p>\n","protected":false},"excerpt":{"rendered":"<p>En un hito para la educaci\u00f3n superior en General Alvear, el municipio celebr\u00f3 el inicio de dos nuevas carreras de grado: &#8230;<\/p>\n","protected":false},"author":7,"featured_media":145725,"comment_status":"open","ping_status":"open","sticky":false,"template":"","format":"standard","meta":{"footnotes":""},"categories":[10,18],"tags":[],"class_list":["post-145719","post","type-post","status-publish","format-standard","has-post-thumbnail","hentry","category-destacadas","category-educacion"],"_links":{"self":[{"href":"https:\/\/vinasfm.com\/noticias\/wp-json\/wp\/v2\/posts\/145719","targetHints":{"allow":["GET"]}}],"collection":[{"href":"https:\/\/vinasfm.com\/noticias\/wp-json\/wp\/v2\/posts"}],"about":[{"href":"https:\/\/vinasfm.com\/noticias\/wp-json\/wp\/v2\/types\/post"}],"author":[{"embeddable":true,"href":"https:\/\/vinasfm.com\/noticias\/wp-json\/wp\/v2\/users\/7"}],"replies":[{"embeddable":true,"href":"https:\/\/vinasfm.com\/noticias\/wp-json\/wp\/v2\/comments?post=145719"}],"version-history":[{"count":2,"href":"https:\/\/vinasfm.com\/noticias\/wp-json\/wp\/v2\/posts\/145719\/revisions"}],"predecessor-version":[{"id":145728,"href":"https:\/\/vinasfm.com\/noticias\/wp-json\/wp\/v2\/posts\/145719\/revisions\/145728"}],"wp:featuredmedia":[{"embeddable":true,"href":"https:\/\/vinasfm.com\/noticias\/wp-json\/wp\/v2\/media\/145725"}],"wp:attachment":[{"href":"https:\/\/vinasfm.com\/noticias\/wp-json\/wp\/v2\/media?parent=145719"}],"wp:term":[{"taxonomy":"category","embeddable":true,"href":"https:\/\/vinasfm.com\/noticias\/wp-json\/wp\/v2\/categories?post=145719"},{"taxonomy":"post_tag","embeddable":true,"href":"https:\/\/vinasfm.com\/noticias\/wp-json\/wp\/v2\/tags?post=145719"}],"curies":[{"name":"wp","href":"https:\/\/api.w.org\/{rel}","templated":true}]}}