{"id":145699,"date":"2025-03-21T10:53:16","date_gmt":"2025-03-21T13:53:16","guid":{"rendered":"https:\/\/vinasfm.com\/noticias\/?p=145699"},"modified":"2025-03-22T10:20:39","modified_gmt":"2025-03-22T13:20:39","slug":"cultua-celebra-el-dia-internacional-de-la-poesia-con-una-iniciativa-para-acercar-la-literatura-a-la-comunidad","status":"publish","type":"post","link":"https:\/\/vinasfm.com\/noticias\/cultua-celebra-el-dia-internacional-de-la-poesia-con-una-iniciativa-para-acercar-la-literatura-a-la-comunidad\/","title":{"rendered":"CULTURA CELEBRA EL D\u00cdA INTERNACIONAL DE LA POES\u00cdA CON UNA INICIATIVA PARA ACERCAR LA LITERATURA A LA COMUNIDAD"},"content":{"rendered":"<h4 data-sourcepos=\"5:1-5:296\"><span style=\"color: #000000;\">En el marco del <em>D\u00eda Internacional de la Poes\u00eda<\/em>, la Direcci\u00f3n de Cultura de General Alvear, en colaboraci\u00f3n con diversos escritores locales, ha organizado una serie de actividades para homenajear y conmemorar esta fecha especial.<\/span><\/h4>\n<p data-sourcepos=\"7:1-7:395\"><span style=\"color: #000000;\">La <em>directora de Cultura<\/em>, <span style=\"color: #003366;\"><strong>Mar\u00eda Delia Achetoni<\/strong><\/span>, destac\u00f3 la importancia de reconocer el trabajo de los artistas y escritores del departamento, quienes a menudo realizan una labor silenciosa desde sus hogares y escritorios. <strong>Con el objetivo de acercar la poes\u00eda a la comunidad, se lleva a cabo una iniciativa en la que se repartien poemas escritos por autores alvearenses en la avenida principal.<\/strong><\/span><\/p>\n<p data-sourcepos=\"9:1-9:385\"><span style=\"color: #000000;\"><span style=\"color: #003366;\"><strong>Graciela C\u00f3rdoba<\/strong><\/span>, <em>representante de la Agrupaci\u00f3n de Escritores Independientes de Alvear<\/em> (AIDEA), expres\u00f3 su entusiasmo por esta propuesta, <strong>que cuenta con la participaci\u00f3n de miembros de la Sociedad Argentina de Escritores <\/strong><em>(SADE)<\/em><strong> y del taller La Hoja.<\/strong> C\u00f3rdoba resalt\u00f3 la calidad de los poemas recibidos, provenientes de m\u00e1s de 25 poetas locales, y subray\u00f3 el poder sanador de la poes\u00eda.<\/span><\/p>\n<p data-sourcepos=\"11:1-11:302\"><span style=\"color: #000000;\"><em><strong>\u00abNuestra intenci\u00f3n es que la gente lea m\u00e1s poes\u00eda\u00bb<\/strong><\/em>, afirm\u00f3 C\u00f3rdoba, consciente de la competencia que representan las redes sociales en la actualidad. I<strong>nvit\u00f3 a la comunidad a acercarse a los grupos de escritores y talleres de la Direcci\u00f3n de Cultura para explorar su lado creativo y animarse a escribir.<\/strong><\/span><\/p>\n<p data-sourcepos=\"13:1-13:198\"><span style=\"color: #000000;\">Finalmente, C\u00f3rdoba extendi\u00f3 un saludo por el D\u00eda de la Poes\u00eda e inst\u00f3 a los alvearenses a buscar a sus poetas favoritos, compartir sus obras y celebrar la escritura como una forma de arte esencial.<\/span><\/p>\n<h2 data-sourcepos=\"13:1-13:198\"><span style=\"color: #000000;\">D\u00eda Internacional de la Poes\u00eda<\/span><\/h2>\n<p><span style=\"color: #000000;\">Conmemora una de las formas m\u00e1s preciadas de la expresi\u00f3n e identidad y ling\u00fc\u00edstica de la humanidad. La poes\u00eda, practicada a lo largo de la historia en todas las culturas y en todos los continentes,<strong> habla de nuestra humanidad com\u00fan y de nuestros valores compartidos, transformando el poema m\u00e1s simple en un poderoso catalizador del di\u00e1logo y la paz.<\/strong><\/span><\/p>\n<p><span style=\"color: #000000;\">La <strong>UNESCO<\/strong> adopt\u00f3 por primera vez el 21 de marzo como <em>D\u00eda Mundial de la Poes\u00eda<\/em> durante su\u00a030\u00aa Conferencia General en Par\u00eds en 1999, con el objetivo de apoyar la diversidad ling\u00fc\u00edstica a trav\u00e9s de la expresi\u00f3n po\u00e9tica y fomentar la visibilizaci\u00f3n de aquellas lenguas que se encuentran en peligro.<\/span><\/p>\n<p><span style=\"color: #000000;\">El D\u00eda Mundial de la Poes\u00eda <strong>es una ocasi\u00f3n para honrar a los poetas, revivir tradiciones orales de recitales de poes\u00eda, promover la lectura, la escritura y la ense\u00f1anza de la poes\u00eda, fomentar la convergencia entre la poes\u00eda y otras artes como el teatro, la danza, la m\u00fasica y la pintura, y aumentar la visibilidad de poes\u00eda en los medios.<\/strong> A medida que la poes\u00eda contin\u00faa uniendo personas en todos los continentes, todos est\u00e1n invitados a unirse.<\/span><\/p>\n","protected":false},"excerpt":{"rendered":"<p>En el marco del D\u00eda Internacional de la Poes\u00eda, la Direcci\u00f3n de Cultura de General Alvear, en colaboraci\u00f3n con diversos escritores &#8230;<\/p>\n","protected":false},"author":7,"featured_media":145703,"comment_status":"open","ping_status":"open","sticky":false,"template":"","format":"standard","meta":{"footnotes":""},"categories":[19,10,1],"tags":[],"class_list":["post-145699","post","type-post","status-publish","format-standard","has-post-thumbnail","hentry","category-cultura","category-destacadas","category-fmvinas"],"_links":{"self":[{"href":"https:\/\/vinasfm.com\/noticias\/wp-json\/wp\/v2\/posts\/145699","targetHints":{"allow":["GET"]}}],"collection":[{"href":"https:\/\/vinasfm.com\/noticias\/wp-json\/wp\/v2\/posts"}],"about":[{"href":"https:\/\/vinasfm.com\/noticias\/wp-json\/wp\/v2\/types\/post"}],"author":[{"embeddable":true,"href":"https:\/\/vinasfm.com\/noticias\/wp-json\/wp\/v2\/users\/7"}],"replies":[{"embeddable":true,"href":"https:\/\/vinasfm.com\/noticias\/wp-json\/wp\/v2\/comments?post=145699"}],"version-history":[{"count":4,"href":"https:\/\/vinasfm.com\/noticias\/wp-json\/wp\/v2\/posts\/145699\/revisions"}],"predecessor-version":[{"id":145705,"href":"https:\/\/vinasfm.com\/noticias\/wp-json\/wp\/v2\/posts\/145699\/revisions\/145705"}],"wp:featuredmedia":[{"embeddable":true,"href":"https:\/\/vinasfm.com\/noticias\/wp-json\/wp\/v2\/media\/145703"}],"wp:attachment":[{"href":"https:\/\/vinasfm.com\/noticias\/wp-json\/wp\/v2\/media?parent=145699"}],"wp:term":[{"taxonomy":"category","embeddable":true,"href":"https:\/\/vinasfm.com\/noticias\/wp-json\/wp\/v2\/categories?post=145699"},{"taxonomy":"post_tag","embeddable":true,"href":"https:\/\/vinasfm.com\/noticias\/wp-json\/wp\/v2\/tags?post=145699"}],"curies":[{"name":"wp","href":"https:\/\/api.w.org\/{rel}","templated":true}]}}