{"id":145685,"date":"2025-03-21T10:27:37","date_gmt":"2025-03-21T13:27:37","guid":{"rendered":"https:\/\/vinasfm.com\/noticias\/?p=145685"},"modified":"2025-03-21T12:25:03","modified_gmt":"2025-03-21T15:25:03","slug":"el-grupo-libertador-apunto-contra-cornejo-tras-el-corte-de-energia-electrica","status":"publish","type":"post","link":"https:\/\/vinasfm.com\/noticias\/el-grupo-libertador-apunto-contra-cornejo-tras-el-corte-de-energia-electrica\/","title":{"rendered":"EL GRUPO LIBERTADOR APUNT\u00d3 CONTRA CORNEJO TRAS EL CORTE DE ENERG\u00cdA EL\u00c9CTRICA"},"content":{"rendered":"<h4><span style=\"color: #000000;\">El Grupo Libertador emiti\u00f3 un fuerte comunicado criticando el discurso que brind\u00f3 el Sr. Intendente Alejandro Molero durante la Apertura de <span class=\"misspelling correction\" title=\"Se ha encontrado un posible error ortogr\u00e1fico.\" data-type=\"misspelling\" data-suggestions=\"[{&quot;value&quot;:&quot;Sesiones&quot;},{&quot;value&quot;:&quot;Se sisones&quot;}]\" data-rule=\"MORFOLOGIK_RULE_ES\" data-word=\"Sesisones\">Sesiones<\/span> Ordinarias y la gesti\u00f3n de Cornejo tras el apag\u00f3n masivo en Mendoza. <\/span><\/h4>\n<p><span style=\"color: #000000;\">En <span class=\"misspelling correction\" title=\"Se ha encontrado un posible error ortogr\u00e1fico.\" data-type=\"misspelling\" data-suggestions=\"[{&quot;value&quot;:&quot;primer&quot;},{&quot;value&quot;:&quot;Pomer&quot;},{&quot;value&quot;:&quot;pyme&quot;},{&quot;value&quot;:&quot;pymes&quot;}]\" data-rule=\"MORFOLOGIK_RULE_ES\" data-word=\"pimer\">primer<\/span> lugar, apuntaron contra Molero definiendo su gobierno como <em><strong><span class=\"grammar correction\" title=\"En una tipograf\u00eda cuidada, use comillas tipogr\u00e1ficas.\" data-type=\"grammar\" data-suggestions=\"[{&quot;value&quot;:&quot;\u201c&quot;},{&quot;value&quot;:&quot;\u00ab&quot;}]\" data-rule=\"COMILLAS_TIPOGRAFICAS\" data-word=\"&quot;\">\u201c<\/span>populista y despilfarrador<span class=\"grammar correction\" title=\"En una tipograf\u00eda cuidada, use comillas tipogr\u00e1ficas.\" data-type=\"grammar\" data-suggestions=\"[{&quot;value&quot;:&quot;\u201d&quot;},{&quot;value&quot;:&quot;\u00bb&quot;}]\" data-rule=\"COMILLAS_TIPOGRAFICAS\" data-word=\"&quot;\">\u201d<\/span><\/strong><\/em>. Acto <span class=\"misspelling correction\" title=\"Se ha encontrado un posible error ortogr\u00e1fico.\" data-type=\"misspelling\" data-suggestions=\"[{&quot;value&quot;:&quot;seguido&quot;},{&quot;value&quot;:&quot;segundo&quot;},{&quot;value&quot;:&quot;tejido&quot;},{&quot;value&quot;:&quot;seguida&quot;},{&quot;value&quot;:&quot;cedido&quot;},{&quot;value&quot;:&quot;seguidos&quot;},{&quot;value&quot;:&quot;seguidor&quot;}]\" data-rule=\"MORFOLOGIK_RULE_ES\" data-word=\"segido\">seguido<\/span>, arremetieron contra el gobierno de <span style=\"color: #003366;\"><strong>Alfredo Cornejo<\/strong><\/span>, <span class=\"misspelling correction\" title=\"Se ha encontrado un posible error ortogr\u00e1fico.\" data-type=\"misspelling\" data-suggestions=\"[{&quot;value&quot;:&quot;responsabiliz\u00e1ndolo&quot;},{&quot;value&quot;:&quot;responsabiliz\u00e1ndole&quot;},{&quot;value&quot;:&quot;responsabiliz\u00e1ndolos&quot;},{&quot;value&quot;:&quot;responsabiliz\u00e1ndola&quot;},{&quot;value&quot;:&quot;responsabilizan dolo&quot;},{&quot;value&quot;:&quot;responsabilizando lo&quot;}]\" data-rule=\"MORFOLOGIK_RULE_ES\" data-word=\"responsabilizandolo\">responsabiliz\u00e1ndolo<\/span> por <em><strong><span class=\"grammar correction\" title=\"En una tipograf\u00eda cuidada, use comillas tipogr\u00e1ficas.\" data-type=\"grammar\" data-suggestions=\"[{&quot;value&quot;:&quot;\u201c&quot;},{&quot;value&quot;:&quot;\u00ab&quot;}]\" data-rule=\"COMILLAS_TIPOGRAFICAS\" data-word=\"&quot;\">\u201c<\/span>el apag\u00f3n m\u00e1s grande de a historia contempor\u00e1nea<span class=\"grammar correction\" title=\"En una tipograf\u00eda cuidada, use comillas tipogr\u00e1ficas.\" data-type=\"grammar\" data-suggestions=\"[{&quot;value&quot;:&quot;\u201d&quot;},{&quot;value&quot;:&quot;\u00bb&quot;}]\" data-rule=\"COMILLAS_TIPOGRAFICAS\" data-word=\"&quot;\">\u201d<\/span><\/strong><\/em> de la regi\u00f3n. <\/span><\/p>\n<p><span style=\"color: #000000;\">En su comunicado, el grupo pol\u00edtico reafirma que la alarmante situaci\u00f3n que dej\u00f3 a oscuras a Malarg\u00fce, San Rafael, General Alvear y parte de San Carlos; es responsabilidad de la <em><strong><span class=\"grammar correction\" title=\"En una tipograf\u00eda cuidada, use comillas tipogr\u00e1ficas.\" data-type=\"grammar\" data-suggestions=\"[{&quot;value&quot;:&quot;\u201c&quot;},{&quot;value&quot;:&quot;\u00ab&quot;}]\" data-rule=\"COMILLAS_TIPOGRAFICAS\" data-word=\"&quot;\">\u201c<\/span>improvisaci\u00f3n, la falta de planificaci\u00f3n e inversi\u00f3n en infraestructura<span class=\"grammar correction\" title=\"En una tipograf\u00eda cuidada, use comillas tipogr\u00e1ficas.\" data-type=\"grammar\" data-suggestions=\"[{&quot;value&quot;:&quot;\u201d&quot;},{&quot;value&quot;:&quot;\u00bb&quot;}]\" data-rule=\"COMILLAS_TIPOGRAFICAS\" data-word=\"&quot;\">\u201d<\/span><\/strong><\/em>, por parte del gobierno de Cornejo. <\/span><\/p>\n<p><span style=\"color: #000000;\">El comunicado sostiene que <strong>Mendoza ha perdido su liderazgo regional y ha retrocedido en los <span class=\"misspelling correction\" title=\"Se ha encontrado un posible error ortogr\u00e1fico.\" data-type=\"misspelling\" data-suggestions=\"[{&quot;value&quot;:&quot;\u00faltimos&quot;},{&quot;value&quot;:&quot;unimos&quot;},{&quot;value&quot;:&quot;timos&quot;},{&quot;value&quot;:&quot;\u00e9timos&quot;}]\" data-rule=\"MORFOLOGIK_RULE_ES\" data-word=\"\u00fatimos\">\u00faltimos<\/span> 12 a\u00f1os<\/strong>, estacando la falta de inversi\u00f3n en infraestructura b\u00e1sica y primordial para la vida de todos los mendocinos. Adem\u00e1s, <strong>critican el enfoque del mandatario provincial en el desarrollo de la miner\u00eda, se\u00f1alando la preocupaci\u00f3n por la posible contaminaci\u00f3n.\u00a0 <\/strong><\/span><\/p>\n<p><span style=\"color: #000000;\">Finalmente, el Grupo Libertador cuestion\u00f3 la incapacidad de la provincia para reparar las centrales hidroel\u00e9ctricas <span class=\"error misspelling\" title=\"Se ha encontrado un posible error ortogr\u00e1fico.\" data-type=\"misspelling\" data-suggestions=\"[{&quot;value&quot;:&quot;Tijuil&quot;}]\" data-rule=\"MORFOLOGIK_RULE_ES\" data-word=\"Nihuil\">Nihuil<\/span> II Y III, y se\u00f1alan que no se ha generado nueva energ\u00eda en Mendoza en a\u00f1os. El comunicado finaliza con un llamado a decir<em><strong> <span class=\"grammar correction\" title=\"En una tipograf\u00eda cuidada, use comillas tipogr\u00e1ficas.\" data-type=\"grammar\" data-suggestions=\"[{&quot;value&quot;:&quot;\u201cbasta\u201d&quot;},{&quot;value&quot;:&quot;\u00abbasta\u00bb&quot;}]\" data-rule=\"COMILLAS_TIPOGRAFICAS\" data-word=\"&quot;basta&quot;\">\u201cbasta\u201d<\/span><\/strong><\/em> a esta situaci\u00f3n.<\/span><\/p>\n<h2>EL COMUNICADO<\/h2>\n<hr \/>\n<p><a href=\"https:\/\/vinasfm.com\/noticias\/wp-content\/uploads\/2025\/03\/Screenshot_20250321-095228.jpg\"><img loading=\"lazy\" decoding=\"async\" class=\"aligncenter wp-image-145695\" src=\"https:\/\/vinasfm.com\/noticias\/wp-content\/uploads\/2025\/03\/Screenshot_20250321-095228.jpg\" alt=\"\" width=\"500\" height=\"675\" srcset=\"https:\/\/vinasfm.com\/noticias\/wp-content\/uploads\/2025\/03\/Screenshot_20250321-095228.jpg 673w, https:\/\/vinasfm.com\/noticias\/wp-content\/uploads\/2025\/03\/Screenshot_20250321-095228-222x300.jpg 222w\" sizes=\"auto, (max-width: 500px) 100vw, 500px\" \/><\/a><\/p>\n<p><a href=\"https:\/\/vinasfm.com\/noticias\/wp-content\/uploads\/2025\/03\/Screenshot_20250321-0952282.jpg\"><img loading=\"lazy\" decoding=\"async\" class=\"wp-image-145694 aligncenter\" src=\"https:\/\/vinasfm.com\/noticias\/wp-content\/uploads\/2025\/03\/Screenshot_20250321-0952282.jpg\" alt=\"\" width=\"500\" height=\"395\" srcset=\"https:\/\/vinasfm.com\/noticias\/wp-content\/uploads\/2025\/03\/Screenshot_20250321-0952282.jpg 665w, https:\/\/vinasfm.com\/noticias\/wp-content\/uploads\/2025\/03\/Screenshot_20250321-0952282-300x237.jpg 300w\" sizes=\"auto, (max-width: 500px) 100vw, 500px\" \/><\/a><\/p>\n","protected":false},"excerpt":{"rendered":"<p>El Grupo Libertador emiti\u00f3 un fuerte comunicado criticando el discurso que brind\u00f3 el Sr. Intendente Alejandro Molero durante la Apertura de &#8230;<\/p>\n","protected":false},"author":7,"featured_media":145688,"comment_status":"open","ping_status":"open","sticky":false,"template":"","format":"standard","meta":{"footnotes":""},"categories":[5,7],"tags":[],"class_list":["post-145685","post","type-post","status-publish","format-standard","has-post-thumbnail","hentry","category-actualidad","category-politica"],"_links":{"self":[{"href":"https:\/\/vinasfm.com\/noticias\/wp-json\/wp\/v2\/posts\/145685","targetHints":{"allow":["GET"]}}],"collection":[{"href":"https:\/\/vinasfm.com\/noticias\/wp-json\/wp\/v2\/posts"}],"about":[{"href":"https:\/\/vinasfm.com\/noticias\/wp-json\/wp\/v2\/types\/post"}],"author":[{"embeddable":true,"href":"https:\/\/vinasfm.com\/noticias\/wp-json\/wp\/v2\/users\/7"}],"replies":[{"embeddable":true,"href":"https:\/\/vinasfm.com\/noticias\/wp-json\/wp\/v2\/comments?post=145685"}],"version-history":[{"count":1,"href":"https:\/\/vinasfm.com\/noticias\/wp-json\/wp\/v2\/posts\/145685\/revisions"}],"predecessor-version":[{"id":145696,"href":"https:\/\/vinasfm.com\/noticias\/wp-json\/wp\/v2\/posts\/145685\/revisions\/145696"}],"wp:featuredmedia":[{"embeddable":true,"href":"https:\/\/vinasfm.com\/noticias\/wp-json\/wp\/v2\/media\/145688"}],"wp:attachment":[{"href":"https:\/\/vinasfm.com\/noticias\/wp-json\/wp\/v2\/media?parent=145685"}],"wp:term":[{"taxonomy":"category","embeddable":true,"href":"https:\/\/vinasfm.com\/noticias\/wp-json\/wp\/v2\/categories?post=145685"},{"taxonomy":"post_tag","embeddable":true,"href":"https:\/\/vinasfm.com\/noticias\/wp-json\/wp\/v2\/tags?post=145685"}],"curies":[{"name":"wp","href":"https:\/\/api.w.org\/{rel}","templated":true}]}}