{"id":145535,"date":"2025-03-19T08:29:18","date_gmt":"2025-03-19T11:29:18","guid":{"rendered":"https:\/\/vinasfm.com\/noticias\/?p=145535"},"modified":"2025-03-20T08:53:15","modified_gmt":"2025-03-20T11:53:15","slug":"quedo-inaugurado-de-hotel-finca-alvear-un-nuevo-destino-turistico-en-ruta-188","status":"publish","type":"post","link":"https:\/\/vinasfm.com\/noticias\/quedo-inaugurado-de-hotel-finca-alvear-un-nuevo-destino-turistico-en-ruta-188\/","title":{"rendered":"QUED\u00d3 INAUGURADO EL HOTEL FINCA ALVEAR: UN NUEVO DESTINO TUR\u00cdSTICO EN RUTA 188"},"content":{"rendered":"<h4><span style=\"color: #000000;\">Se trata de un hotel boutique ubicado sobre la ruta nacional 188, casi frente al predio ferial. Este nuevo emprendimiento promete convertirse en un atractivo destino para turistas y viajeros que transitan por esta emblem\u00e1tica v\u00eda.<\/span><\/h4>\n<p><span style=\"color: #000000;\">El acto de corte de cintas cont\u00f3 con la presencia del <span style=\"color: #003366;\"><strong>Intendente Alejandro Molero<\/strong><\/span>, el <span style=\"color: #003366;\"><strong>Gobernador Alfredo Cornejo<\/strong><\/span>, la <span style=\"color: #003366;\"><strong>Vicegobernadora Hebe Casado<\/strong><\/span>, la <em>presidenta del Concejo Deliberante<\/em> <span style=\"color: #003366;\"><strong>Alejandra Torti<\/strong><\/span>, as\u00ed como <em>otros funcionarios provinciales y locales<\/em>, quienes celebraron la apertura junto a los propietarios del hotel.<\/span><\/p>\n<p><span style=\"color: #000000;\">La construcci\u00f3n del <em>Hotel Finca Alvear<\/em>, que <strong>tom\u00f3 cerca de 18 meses, ofrece c\u00f3modas habitaciones, incluyendo suites y opciones accesibles, todo en un entorno natural rodeado de olivos y vi\u00f1as.<\/strong> Adem\u00e1s, la propuesta incluye una oferta gastron\u00f3mica destacada, que se complementa con buenos vinos y aceite de oliva local, lo que promete enriquecer la experiencia de los visitantes.<\/span><\/p>\n<p><img loading=\"lazy\" decoding=\"async\" class=\"\" src=\"https:\/\/www.mendoza.gov.ar\/wp-content\/uploads\/sites\/5\/2025\/03\/DSC029042-700x468.jpg\" width=\"363\" height=\"243\" \/> <img loading=\"lazy\" decoding=\"async\" class=\"\" src=\"https:\/\/www.mendoza.gov.ar\/wp-content\/uploads\/sites\/5\/2025\/03\/DSC02876-700x468.jpg\" width=\"363\" height=\"243\" \/><\/p>\n<p><span style=\"color: #000000;\">El <strong><span style=\"color: #003366;\">Intendente Alejandro Molero<\/span><\/strong> subray\u00f3 que este nuevo emprendimiento no solo busca atraer a turistas que pasan por la ruta 188, sino que tambi\u00e9n tiene como objetivo mejorar la oferta de hospedaje en el sur de Mendoza y contribuir a la recepci\u00f3n de congresos en la regi\u00f3n. <strong><em>\u201cEste hotel es una inversi\u00f3n privada muy relevante para Alvear, que agrega valor a la zona. Siempre es beneficioso para el turismo contar con buques insignia como este, que atraen gente al lugar\u201d<\/em><\/strong>, afirm\u00f3 Molero.<\/span><\/p>\n<p><span style=\"color: #000000;\">La inversi\u00f3n para este proyecto ha sido respaldada por la familia Andreani, quienes han apostado por el potencial tur\u00edstico de General Alvear. <strong><em>\u201cAdem\u00e1s, se ha priorizado el uso de mano de obra local en su construcci\u00f3n, generando nuevas fuentes de empleo para los habitantes de la zona\u201d<\/em><\/strong>, agreg\u00f3 el Intendente.<\/span><\/p>\n<p><span style=\"color: #000000;\">Con cerca de 40 habitaciones disponibles, el<em> Hotel Finca Alvear<\/em> est\u00e1 concebido como un punto de atracci\u00f3n que complementar\u00e1 la belleza agr\u00edcola de Alvear y el c\u00e1lido trato de su gente. El Gobernador Cornejo tambi\u00e9n destac\u00f3 la importancia de esta infraestructura, se\u00f1alando que <strong><em>\u201csi bien el hotel cuenta con lugares para alquilar, es fundamental para el turismo tener instalaciones de este tipo que le agreguen valor a Alvear\u201d.<\/em><\/strong><\/span><\/p>\n<p><img loading=\"lazy\" decoding=\"async\" class=\"\" src=\"https:\/\/www.mendoza.gov.ar\/wp-content\/uploads\/sites\/5\/2025\/03\/DSC02828-700x468.jpg\" width=\"565\" height=\"378\" \/><\/p>\n<p><span style=\"color: #000000;\">En la inauguraci\u00f3n tambi\u00e9n estuvieron presentes el <em>presidente de la C\u00e1mara de Diputados<\/em>, <strong><span style=\"color: #003366;\">Andr\u00e9s Lombardi<\/span><\/strong>; la <em>subsecretaria de Infraestructura y Desarrollo Territorial<\/em>, <span style=\"color: #003366;\"><strong>Marit\u00e9 Badui<\/strong><\/span>; la <em>presidenta de Juegos y Casino<\/em>,<span style=\"color: #003366;\"><strong> Ida L\u00f3pez<\/strong><\/span>; la <em>vicepresidenta del Ente Mendoza Turismo<\/em> (Emetur),<span style=\"color: #003366;\"><strong> Cynthia Maggioni<\/strong><\/span>, y el <em>director de la zona Sur del Emetur<\/em>, <span style=\"color: #003366;\"><strong>Carlos Weiner.<\/strong><\/span><\/span><\/p>\n<p><span style=\"color: #000000;\">Este evento representa un paso significativo hacia el desarrollo tur\u00edstico de la regi\u00f3n, ofreciendo a los visitantes una experiencia \u00fanica en un entorno natural privilegiado, y consolidando a General Alvear como un destino atractivo en el sur de Mendoza.<\/span><\/p>\n","protected":false},"excerpt":{"rendered":"<p>Se trata de un hotel boutique ubicado sobre la ruta nacional 188, casi frente al predio ferial. Este nuevo emprendimiento promete &#8230;<\/p>\n","protected":false},"author":7,"featured_media":145537,"comment_status":"open","ping_status":"open","sticky":false,"template":"","format":"standard","meta":{"footnotes":""},"categories":[5,10],"tags":[],"class_list":["post-145535","post","type-post","status-publish","format-standard","has-post-thumbnail","hentry","category-actualidad","category-destacadas"],"_links":{"self":[{"href":"https:\/\/vinasfm.com\/noticias\/wp-json\/wp\/v2\/posts\/145535","targetHints":{"allow":["GET"]}}],"collection":[{"href":"https:\/\/vinasfm.com\/noticias\/wp-json\/wp\/v2\/posts"}],"about":[{"href":"https:\/\/vinasfm.com\/noticias\/wp-json\/wp\/v2\/types\/post"}],"author":[{"embeddable":true,"href":"https:\/\/vinasfm.com\/noticias\/wp-json\/wp\/v2\/users\/7"}],"replies":[{"embeddable":true,"href":"https:\/\/vinasfm.com\/noticias\/wp-json\/wp\/v2\/comments?post=145535"}],"version-history":[{"count":5,"href":"https:\/\/vinasfm.com\/noticias\/wp-json\/wp\/v2\/posts\/145535\/revisions"}],"predecessor-version":[{"id":145600,"href":"https:\/\/vinasfm.com\/noticias\/wp-json\/wp\/v2\/posts\/145535\/revisions\/145600"}],"wp:featuredmedia":[{"embeddable":true,"href":"https:\/\/vinasfm.com\/noticias\/wp-json\/wp\/v2\/media\/145537"}],"wp:attachment":[{"href":"https:\/\/vinasfm.com\/noticias\/wp-json\/wp\/v2\/media?parent=145535"}],"wp:term":[{"taxonomy":"category","embeddable":true,"href":"https:\/\/vinasfm.com\/noticias\/wp-json\/wp\/v2\/categories?post=145535"},{"taxonomy":"post_tag","embeddable":true,"href":"https:\/\/vinasfm.com\/noticias\/wp-json\/wp\/v2\/tags?post=145535"}],"curies":[{"name":"wp","href":"https:\/\/api.w.org\/{rel}","templated":true}]}}