{"id":145496,"date":"2025-03-18T13:29:30","date_gmt":"2025-03-18T16:29:30","guid":{"rendered":"https:\/\/vinasfm.com\/noticias\/?p=145496"},"modified":"2025-03-19T09:13:13","modified_gmt":"2025-03-19T12:13:13","slug":"la-agenda-de-cornejo-em-alvear-se-vio-marcada-con-la-entrega-de-viviendas-e-importantes-anuncios","status":"publish","type":"post","link":"https:\/\/vinasfm.com\/noticias\/la-agenda-de-cornejo-em-alvear-se-vio-marcada-con-la-entrega-de-viviendas-e-importantes-anuncios\/","title":{"rendered":"LA AGENDA DE CORNEJO EN ALVEAR SE VI\u00d3 MARCADA CON LA ENTREGA DE VIVIENDAS E IMPORTANTES ANUNCIOS"},"content":{"rendered":"<h4>En una jornada que el intendente Alejandro Molero calific\u00f3 de \u00abhist\u00f3rica\u00bb, Alvear Oeste fue escenario de la entrega de 15 viviendas, la firma de adjudicaci\u00f3n de obra para un nuevo complejo de salud mental en el Hospital Enfermeros Argentinos y el anuncio de una inversi\u00f3n provincial de m\u00e1s de 50.000 millones de pesos en diversas obras.<\/h4>\n<p>El <strong><span style=\"color: #003366;\">intendente Molero<\/span><\/strong> destac\u00f3 la presencia del <span style=\"color: #003366;\"><strong>gobernador Alfredo Cornejo<\/strong><\/span>, la <strong><span style=\"color: #003366;\">Vicegobernadora<\/span><\/strong> y otras autoridades provinciales, resaltando el compromiso del gobierno con el desarrollo del departamento. <em><strong>\u00abHoy los alvearenses estamos asistiendo a una jornada que yo me permito decirla hist\u00f3rica para General Alvear\u00bb<\/strong><\/em>, expres\u00f3 Molero.<\/p>\n<p>En primer lugar, se hizo entrega de 15 nuevas viviendas que forman parte del <em>B\u00b0 Vi\u00f1as del Oeste<\/em>, situado en inmediaciones de calles Centenario y 8 del mencionado distrito. Con emoci\u00f3n, Molero agradeci\u00f3 a los adjudicatarios de las viviendas por su paciencia y esfuerzo, destacando el trabajo conjunto con el Gobierno Provincial para destrabar las obras. <strong><em>\u00abNos escucharon, entendieron la problem\u00e1tica y hoy, unos meses despu\u00e9s, estamos entregando viviendas\u00bb<\/em><\/strong>, expres\u00f3 Molero.<\/p>\n<p><a href=\"https:\/\/vinasfm.com\/noticias\/wp-content\/uploads\/2025\/03\/IMG-20250318-WA0090.jpg\"><img loading=\"lazy\" decoding=\"async\" class=\"alignnone wp-image-145499\" src=\"https:\/\/vinasfm.com\/noticias\/wp-content\/uploads\/2025\/03\/IMG-20250318-WA0090-1024x577.jpg\" alt=\"\" width=\"360\" height=\"203\" srcset=\"https:\/\/vinasfm.com\/noticias\/wp-content\/uploads\/2025\/03\/IMG-20250318-WA0090-1024x577.jpg 1024w, https:\/\/vinasfm.com\/noticias\/wp-content\/uploads\/2025\/03\/IMG-20250318-WA0090-300x169.jpg 300w, https:\/\/vinasfm.com\/noticias\/wp-content\/uploads\/2025\/03\/IMG-20250318-WA0090-768x432.jpg 768w, https:\/\/vinasfm.com\/noticias\/wp-content\/uploads\/2025\/03\/IMG-20250318-WA0090-1536x865.jpg 1536w, https:\/\/vinasfm.com\/noticias\/wp-content\/uploads\/2025\/03\/IMG-20250318-WA0090-750x420.jpg 750w, https:\/\/vinasfm.com\/noticias\/wp-content\/uploads\/2025\/03\/IMG-20250318-WA0090-1140x641.jpg 1140w, https:\/\/vinasfm.com\/noticias\/wp-content\/uploads\/2025\/03\/IMG-20250318-WA0090.jpg 1600w\" sizes=\"auto, (max-width: 360px) 100vw, 360px\" \/><\/a> <a href=\"https:\/\/vinasfm.com\/noticias\/wp-content\/uploads\/2025\/03\/IMG-20250318-WA0091.jpg\"><img loading=\"lazy\" decoding=\"async\" class=\"alignnone wp-image-145500\" src=\"https:\/\/vinasfm.com\/noticias\/wp-content\/uploads\/2025\/03\/IMG-20250318-WA0091-1024x577.jpg\" alt=\"\" width=\"360\" height=\"203\" srcset=\"https:\/\/vinasfm.com\/noticias\/wp-content\/uploads\/2025\/03\/IMG-20250318-WA0091-1024x577.jpg 1024w, https:\/\/vinasfm.com\/noticias\/wp-content\/uploads\/2025\/03\/IMG-20250318-WA0091-300x169.jpg 300w, https:\/\/vinasfm.com\/noticias\/wp-content\/uploads\/2025\/03\/IMG-20250318-WA0091-768x432.jpg 768w, https:\/\/vinasfm.com\/noticias\/wp-content\/uploads\/2025\/03\/IMG-20250318-WA0091-1536x865.jpg 1536w, https:\/\/vinasfm.com\/noticias\/wp-content\/uploads\/2025\/03\/IMG-20250318-WA0091-750x420.jpg 750w, https:\/\/vinasfm.com\/noticias\/wp-content\/uploads\/2025\/03\/IMG-20250318-WA0091-1140x641.jpg 1140w, https:\/\/vinasfm.com\/noticias\/wp-content\/uploads\/2025\/03\/IMG-20250318-WA0091.jpg 1600w\" sizes=\"auto, (max-width: 360px) 100vw, 360px\" \/><\/a><\/p>\n<p>Por su parte, el gobernador Cornejo resalt\u00f3 las dificultades para acceder a la vivienda propia en Argentina, abogando por la reactivaci\u00f3n del cr\u00e9dito hipotecario.<strong><em> \u00abNosotros no queremos abandonar tener una pol\u00edtica de vivienda, pero aspiramos a que la Argentina vuelva a ser un pa\u00eds normal, donde los bancos le presten a los sectores trabajadores\u00bb<\/em><\/strong>, afirm\u00f3 Cornejo.<\/p>\n<p>Ambos funcionarios felicitaron a los adjudicatarios y destacaron el impacto positivo de las obras en la calidad de vida de los vecinos.<\/p>\n<h3>Dicho acto dio lugar a una serie de anuncios que prometen un punto de inflexi\u00f3n en General Alvear.<\/h3>\n<p>Entre los anuncios, se destac\u00f3 la construcci\u00f3n de un <strong>nuevo complejo de salud mental en el Hospital Enfermeros Argentinos<\/strong>, una obra largamente esperada por la comunidad. Adem\u00e1s, se resalt\u00f3 la designaci\u00f3n del hospital como <strong>sede de residencias m\u00e9dicas, con la incorporaci\u00f3n de nuevos profesionales en medicina y cirug\u00eda general.<\/strong><\/p>\n<p><em><strong>\u00abEsto ser\u00e1 un antes y un despu\u00e9s en la salud mental, un flagelo que tenemos en todo el pa\u00eds\u00bb<\/strong><\/em>, expres\u00f3 inicialmente el Alejandro Torres, Director del nosocomio local, y agreg\u00f3 <strong><em>\u00abes algo que nos preocupa, pero sobre todo nos ocupa\u00bb.<\/em><\/strong><\/p>\n<h3>M\u00e1s obras para Alvear.<\/h3>\n<p>Molero enumer\u00f3 las diversas obras que se est\u00e1n llevando a cabo en el departamento, incluyendo el polideportivo, la repavimentaci\u00f3n de la ruta Alvear-Catitas, la asistencia al sector agropecuario y la construcci\u00f3n de un complejo universitario que ofrecer\u00e1 carreras de grado, en el predio de UGACOOP. <strong><em>\u00abPor primera vez, y gracias al apoyo del Gobierno Provincial, en General Alvear tenemos dos carreras de grado\u00bb<\/em><\/strong>, subray\u00f3 el intendente.<\/p>\n<p><a href=\"https:\/\/vinasfm.com\/noticias\/wp-content\/uploads\/2025\/03\/IMG-20250318-WA0106.jpg\"><img loading=\"lazy\" decoding=\"async\" class=\"alignnone wp-image-145501\" src=\"https:\/\/vinasfm.com\/noticias\/wp-content\/uploads\/2025\/03\/IMG-20250318-WA0106-1024x577.jpg\" alt=\"\" width=\"350\" height=\"197\" srcset=\"https:\/\/vinasfm.com\/noticias\/wp-content\/uploads\/2025\/03\/IMG-20250318-WA0106-1024x577.jpg 1024w, https:\/\/vinasfm.com\/noticias\/wp-content\/uploads\/2025\/03\/IMG-20250318-WA0106-300x169.jpg 300w, https:\/\/vinasfm.com\/noticias\/wp-content\/uploads\/2025\/03\/IMG-20250318-WA0106-768x432.jpg 768w, https:\/\/vinasfm.com\/noticias\/wp-content\/uploads\/2025\/03\/IMG-20250318-WA0106-1536x865.jpg 1536w, https:\/\/vinasfm.com\/noticias\/wp-content\/uploads\/2025\/03\/IMG-20250318-WA0106-750x420.jpg 750w, https:\/\/vinasfm.com\/noticias\/wp-content\/uploads\/2025\/03\/IMG-20250318-WA0106-1140x641.jpg 1140w, https:\/\/vinasfm.com\/noticias\/wp-content\/uploads\/2025\/03\/IMG-20250318-WA0106.jpg 1600w\" sizes=\"auto, (max-width: 350px) 100vw, 350px\" \/><\/a> <a href=\"https:\/\/vinasfm.com\/noticias\/wp-content\/uploads\/2025\/03\/IMG-20250318-WA0102.jpg\"><img loading=\"lazy\" decoding=\"async\" class=\"alignnone wp-image-145502\" src=\"https:\/\/vinasfm.com\/noticias\/wp-content\/uploads\/2025\/03\/IMG-20250318-WA0102-1024x577.jpg\" alt=\"\" width=\"350\" height=\"197\" srcset=\"https:\/\/vinasfm.com\/noticias\/wp-content\/uploads\/2025\/03\/IMG-20250318-WA0102-1024x577.jpg 1024w, https:\/\/vinasfm.com\/noticias\/wp-content\/uploads\/2025\/03\/IMG-20250318-WA0102-300x169.jpg 300w, https:\/\/vinasfm.com\/noticias\/wp-content\/uploads\/2025\/03\/IMG-20250318-WA0102-768x432.jpg 768w, https:\/\/vinasfm.com\/noticias\/wp-content\/uploads\/2025\/03\/IMG-20250318-WA0102-1536x865.jpg 1536w, https:\/\/vinasfm.com\/noticias\/wp-content\/uploads\/2025\/03\/IMG-20250318-WA0102-750x420.jpg 750w, https:\/\/vinasfm.com\/noticias\/wp-content\/uploads\/2025\/03\/IMG-20250318-WA0102-1140x641.jpg 1140w, https:\/\/vinasfm.com\/noticias\/wp-content\/uploads\/2025\/03\/IMG-20250318-WA0102.jpg 1600w\" sizes=\"auto, (max-width: 350px) 100vw, 350px\" \/><\/a><\/p>\n<p>Tambi\u00e9n se anunciaron importantes inversiones en obras de saneamiento y mejora de servicios, como la nueva Planta de Tratamiento de L\u00edquidos Cloacales y la toma de agua del R\u00edo Atuel. <strong><em>\u00abEstamos\u00a0 hablando de esto que yo les mencionaba al principio, que es hist\u00f3rico\u00bb<\/em><\/strong>, afirm\u00f3 Molero.<\/p>\n<p>El gobernador destac\u00f3 la inversi\u00f3n provincial en General Alvear, resaltando que los 50.000 millones de pesos representan una cifra hist\u00f3rica para el departamento. <strong><em>\u00abMucho m\u00e1s m\u00e9rito que en un a\u00f1o recesivo hayamos puesto a invertir 50 mil millones, no son anuncios, son 50 mil millones de pesos\u00bb<\/em><\/strong>, enfatiz\u00f3 Cornejo.<\/p>\n","protected":false},"excerpt":{"rendered":"<p>En una jornada que el intendente Alejandro Molero calific\u00f3 de \u00abhist\u00f3rica\u00bb, Alvear Oeste fue escenario de la entrega de 15 viviendas, &#8230;<\/p>\n","protected":false},"author":7,"featured_media":145503,"comment_status":"open","ping_status":"open","sticky":false,"template":"","format":"standard","meta":{"footnotes":""},"categories":[10,77],"tags":[],"class_list":["post-145496","post","type-post","status-publish","format-standard","has-post-thumbnail","hentry","category-destacadas","category-gobierno"],"_links":{"self":[{"href":"https:\/\/vinasfm.com\/noticias\/wp-json\/wp\/v2\/posts\/145496","targetHints":{"allow":["GET"]}}],"collection":[{"href":"https:\/\/vinasfm.com\/noticias\/wp-json\/wp\/v2\/posts"}],"about":[{"href":"https:\/\/vinasfm.com\/noticias\/wp-json\/wp\/v2\/types\/post"}],"author":[{"embeddable":true,"href":"https:\/\/vinasfm.com\/noticias\/wp-json\/wp\/v2\/users\/7"}],"replies":[{"embeddable":true,"href":"https:\/\/vinasfm.com\/noticias\/wp-json\/wp\/v2\/comments?post=145496"}],"version-history":[{"count":6,"href":"https:\/\/vinasfm.com\/noticias\/wp-json\/wp\/v2\/posts\/145496\/revisions"}],"predecessor-version":[{"id":145522,"href":"https:\/\/vinasfm.com\/noticias\/wp-json\/wp\/v2\/posts\/145496\/revisions\/145522"}],"wp:featuredmedia":[{"embeddable":true,"href":"https:\/\/vinasfm.com\/noticias\/wp-json\/wp\/v2\/media\/145503"}],"wp:attachment":[{"href":"https:\/\/vinasfm.com\/noticias\/wp-json\/wp\/v2\/media?parent=145496"}],"wp:term":[{"taxonomy":"category","embeddable":true,"href":"https:\/\/vinasfm.com\/noticias\/wp-json\/wp\/v2\/categories?post=145496"},{"taxonomy":"post_tag","embeddable":true,"href":"https:\/\/vinasfm.com\/noticias\/wp-json\/wp\/v2\/tags?post=145496"}],"curies":[{"name":"wp","href":"https:\/\/api.w.org\/{rel}","templated":true}]}}