{"id":145449,"date":"2025-03-18T08:12:22","date_gmt":"2025-03-18T11:12:22","guid":{"rendered":"https:\/\/vinasfm.com\/noticias\/?p=145449"},"modified":"2025-03-19T08:34:53","modified_gmt":"2025-03-19T11:34:53","slug":"una-multitud-de-alvearenses-recibio-a-sofia-perfumo","status":"publish","type":"post","link":"https:\/\/vinasfm.com\/noticias\/una-multitud-de-alvearenses-recibio-a-sofia-perfumo\/","title":{"rendered":"UNA MULTITUD DE ALVEARENSES RECIBI\u00d3 A SOF\u00cdA PERFUMO"},"content":{"rendered":"<h4><span style=\"color: #000000;\">El pasado 31 de octubre, en la Plaza Carlos Mar\u00eda de Alvear, Sof\u00eda Perfumo se coronaba como la nueva Reina Departamental de la Vendimia y, junto a ella, nac\u00eda una nueva ilusi\u00f3n para los alvearenses.<\/span><\/h4>\n<p><span style=\"color: #000000;\">Con una valija cargada de sue\u00f1os, Sof\u00eda parti\u00f3 a la capital provincial. <\/span><span style=\"color: #000000;\">Este 16 de marzo, esa ni\u00f1a que so\u00f1\u00f3 con portar los atributos vendimiales, regres\u00f3 a General Alvear como la nueva Virreina Nacional de la Vendimia.<\/span><\/p>\n<p><span style=\"color: #000000;\">Un centenar de personas se reunieron est\u00e1 noche en la plaza departamental para recibir a Sof\u00eda Perfumo, qui\u00e9n lleg\u00f3 acompa\u00f1ada de la Reina Departamental de la Vendimia.<\/span><\/p>\n<p><span style=\"color: #000000;\"><em><strong>\u00abSin lugar a dudas, lo hemos vivido a pleno con nuestra gente, disfrutando de este momento, recibiendo a Sofi despu\u00e9s de esto tan importante que tenemos los alvearenses\u00bb<\/strong><\/em>, expres\u00f3 el <span style=\"color: #003366;\"><strong>Sr. Intendente Alejandro Molero<\/strong><\/span>, destacando el orgullo que siente la comunidad por Sof\u00eda. <strong><em>\u00abNo solamente es la Virreina Nacional de la Vendimia, sino que es una mujer maravillosa que va a ser embajadora de todos los mendocinos, pero sin lugar a dudas tambi\u00e9n va a ser embajadora de los alvearenses en el mundo\u00bb.<\/em><\/strong><\/span><\/p>\n<p><span style=\"color: #000000;\">Molero resalt\u00f3 el papel fundamental que desempe\u00f1an las representantes vendimiales en la promoci\u00f3n de Mendoza a nivel nacional e internacional, mencionando experiencias en ferias de turismo y la Vendimia de Curic\u00f3, en Chile.<\/span><\/p>\n<p><span style=\"color: #000000;\">Por su parte, <span style=\"color: #003366;\"><strong>Sof\u00eda Perfumo<\/strong><\/span> se mostr\u00f3 abrumada por el cari\u00f1o recibido:<em><strong> \u00abNo imagin\u00e9 que pudiera venir tanta gente, es incre\u00edble todo el cari\u00f1o que me han brindado durante estos dos \u00faltimos meses y hoy poder reencontrarme con todos ellos, la verdad que es impresionante\u00bb.<\/strong> <\/em>La Virreina Nacional destac\u00f3 el orgullo de llevar el nombre de General Alvear por toda la provincia y agradeci\u00f3 el apoyo del municipio y de la gente que la acompa\u00f1\u00f3 en cada momento.<\/span><\/p>\n<p><span style=\"color: #000000;\"><strong><span style=\"color: #003366;\">Alejandrina Funes<\/span><\/strong>, <em>Reina Nacional de la Vendimia<\/em>, tambi\u00e9n comparti\u00f3 su entusiasmo por acompa\u00f1ar a Sof\u00eda y por la pr\u00f3xima participaci\u00f3n de ambas en la Vendimia de Curic\u00f3, Chile: <em><strong>\u00abSe nos viene una tarea de responsabilidad para seguir llevando a Mendoza a lo m\u00e1s alto, y tambi\u00e9n a nuestros departamentos\u00bb.<\/strong> <\/em>Funes elogi\u00f3 la calidez de la gente de General Alvear y la energ\u00eda de la hinchada que apoy\u00f3 a Sof\u00eda durante la elecci\u00f3n.<\/span><\/p>\n<p><span style=\"color: #000000;\">Las reinas compartieron detalles de su convivencia durante estos d\u00edas, resaltando la buena relaci\u00f3n que han construido. Ante la multitud, ambas se comprometieron a trabajar en conjunto, representando a la provincia de la menor manera en el mundo.<\/span><\/p>\n","protected":false},"excerpt":{"rendered":"<p>El pasado 31 de octubre, en la Plaza Carlos Mar\u00eda de Alvear, Sof\u00eda Perfumo se coronaba como la nueva Reina Departamental &#8230;<\/p>\n","protected":false},"author":7,"featured_media":145452,"comment_status":"open","ping_status":"open","sticky":false,"template":"","format":"standard","meta":{"footnotes":""},"categories":[11,25],"tags":[],"class_list":["post-145449","post","type-post","status-publish","format-standard","has-post-thumbnail","hentry","category-sociales","category-vendimia"],"_links":{"self":[{"href":"https:\/\/vinasfm.com\/noticias\/wp-json\/wp\/v2\/posts\/145449","targetHints":{"allow":["GET"]}}],"collection":[{"href":"https:\/\/vinasfm.com\/noticias\/wp-json\/wp\/v2\/posts"}],"about":[{"href":"https:\/\/vinasfm.com\/noticias\/wp-json\/wp\/v2\/types\/post"}],"author":[{"embeddable":true,"href":"https:\/\/vinasfm.com\/noticias\/wp-json\/wp\/v2\/users\/7"}],"replies":[{"embeddable":true,"href":"https:\/\/vinasfm.com\/noticias\/wp-json\/wp\/v2\/comments?post=145449"}],"version-history":[{"count":2,"href":"https:\/\/vinasfm.com\/noticias\/wp-json\/wp\/v2\/posts\/145449\/revisions"}],"predecessor-version":[{"id":145453,"href":"https:\/\/vinasfm.com\/noticias\/wp-json\/wp\/v2\/posts\/145449\/revisions\/145453"}],"wp:featuredmedia":[{"embeddable":true,"href":"https:\/\/vinasfm.com\/noticias\/wp-json\/wp\/v2\/media\/145452"}],"wp:attachment":[{"href":"https:\/\/vinasfm.com\/noticias\/wp-json\/wp\/v2\/media?parent=145449"}],"wp:term":[{"taxonomy":"category","embeddable":true,"href":"https:\/\/vinasfm.com\/noticias\/wp-json\/wp\/v2\/categories?post=145449"},{"taxonomy":"post_tag","embeddable":true,"href":"https:\/\/vinasfm.com\/noticias\/wp-json\/wp\/v2\/tags?post=145449"}],"curies":[{"name":"wp","href":"https:\/\/api.w.org\/{rel}","templated":true}]}}