{"id":145446,"date":"2025-03-17T22:03:55","date_gmt":"2025-03-18T01:03:55","guid":{"rendered":"https:\/\/vinasfm.com\/noticias\/?p=145446"},"modified":"2025-03-18T08:59:19","modified_gmt":"2025-03-18T11:59:19","slug":"cornejo-llegara-a-generar-alvear-con-una-apretada-agenda-seguridad-vivienda-y-desarrollo-en-el-foco","status":"publish","type":"post","link":"https:\/\/vinasfm.com\/noticias\/cornejo-llegara-a-generar-alvear-con-una-apretada-agenda-seguridad-vivienda-y-desarrollo-en-el-foco\/","title":{"rendered":"CORNEJO LLEGAR\u00c1 A GENERAL ALVEAR CON UNA APRETADA AGENDA: SEGURIDAD, VIVIENDA Y DESARROLLO EN EL FOCO"},"content":{"rendered":"<h4>El gobernador Alfredo Cornejo, junto a la vicegobernadora Hebe Casado, encabezar\u00e1 ma\u00f1ana una serie de actividades clave en el departamento, abarcando \u00e1reas fundamentales como seguridad, vivienda, educaci\u00f3n y turismo.<\/h4>\n<h2>Refuerzo en Seguridad:<\/h2>\n<p>La jornada comenzar\u00e1 con la firma de un convenio para la creaci\u00f3n de un <strong>Centro de Monitoreo Conjunto.<\/strong> Este centro, <strong>fruto de la colaboraci\u00f3n entre la provincia y el municipio, integrar\u00e1 tecnolog\u00eda de vanguardia y recursos compartidos para fortalecer la prevenci\u00f3n del delito y optimizar la respuesta ante situaciones de emergencia<\/strong>. La <em>ministra de Seguridad y Justicia<\/em>, <span style=\"color: #003300;\"><strong>Mercedes Rus<\/strong><\/span>, y el <em>intendente de General Alvear,<\/em> <span style=\"color: #003300;\"><strong>Alejandro Molero<\/strong><\/span>, tambi\u00e9n participar\u00e1n en la firma, que tendr\u00e1 lugar en la planta alta de la Terminal de \u00d3mnibus local a las 9:15 horas.<\/p>\n<h2>Entrega de Viviendas:<\/h2>\n<p>A las 11.30, el gobernador y la vicegobernadora, acompa\u00f1ados por la <em>subsecretaria de Infraestructura<\/em>, <span style=\"color: #003300;\"><strong>Marit\u00e9 Badui<\/strong><\/span>, el <em>titular del IPV<\/em>, <span style=\"color: #003300;\"><strong>Gustavo Cantero<\/strong><\/span>, y el intendente Molero, <strong>har\u00e1n entrega de las viviendas del Barrio Vi\u00f1as del Oeste.<\/strong> Estas viviendas fueron construidas a trav\u00e9s del Programa Mendoza Construye L\u00ednea 1, brindando soluciones habitacionales a familias del departamento.<\/p>\n<h2>Impulso a la Educaci\u00f3n y la Salud:<\/h2>\n<p>La agenda continuar\u00e1 a las 12.15 con una recorrida por las obras del <strong>Complejo Educativo Ugacoop,<\/strong> un proyecto educativo de gran importancia para la regi\u00f3n. Adem\u00e1s, <strong>se proceder\u00e1 a la firma de la documentaci\u00f3n para la adjudicaci\u00f3n del Servicio de Internaci\u00f3n de Salud Mental en el Hospital Enfermeros Argentinos, fortaleciendo la atenci\u00f3n en salud mental en la zona.<\/strong><\/p>\n<h2>Nuevo Hotel Tower:<\/h2>\n<p>Finalmente, a las 13 h, el gobernador y la vicegobernadora<em>, junto al ministro de Producci\u00f3n,<\/em> <span style=\"color: #003300;\"><em>Rodolfo Vargas Arizu<\/em><\/span>, y <em>la vicepresidenta del Emetur,<\/em> <span style=\"color: #003300;\"><strong>Cynthia Maggioni<\/strong><\/span>, participar\u00e1n en la inauguraci\u00f3n del Hotel Tower. <strong>Este nuevo establecimiento hotelero promete impulsar el turismo y el desarrollo econ\u00f3mico en General Alvear.<\/strong><\/p>\n<p>Esta intensa agenda del gobernador Cornejo en General Alvear refleja el compromiso del gobierno provincial con el desarrollo integral del departamento, abordando \u00e1reas clave como la seguridad, la vivienda, la educaci\u00f3n, la salud y el turismo.<\/p>\n","protected":false},"excerpt":{"rendered":"<p>El gobernador Alfredo Cornejo, junto a la vicegobernadora Hebe Casado, encabezar\u00e1 ma\u00f1ana una serie de actividades clave en el departamento, abarcando &#8230;<\/p>\n","protected":false},"author":7,"featured_media":145447,"comment_status":"open","ping_status":"open","sticky":false,"template":"","format":"standard","meta":{"footnotes":""},"categories":[1],"tags":[],"class_list":["post-145446","post","type-post","status-publish","format-standard","has-post-thumbnail","hentry","category-fmvinas"],"_links":{"self":[{"href":"https:\/\/vinasfm.com\/noticias\/wp-json\/wp\/v2\/posts\/145446","targetHints":{"allow":["GET"]}}],"collection":[{"href":"https:\/\/vinasfm.com\/noticias\/wp-json\/wp\/v2\/posts"}],"about":[{"href":"https:\/\/vinasfm.com\/noticias\/wp-json\/wp\/v2\/types\/post"}],"author":[{"embeddable":true,"href":"https:\/\/vinasfm.com\/noticias\/wp-json\/wp\/v2\/users\/7"}],"replies":[{"embeddable":true,"href":"https:\/\/vinasfm.com\/noticias\/wp-json\/wp\/v2\/comments?post=145446"}],"version-history":[{"count":2,"href":"https:\/\/vinasfm.com\/noticias\/wp-json\/wp\/v2\/posts\/145446\/revisions"}],"predecessor-version":[{"id":145457,"href":"https:\/\/vinasfm.com\/noticias\/wp-json\/wp\/v2\/posts\/145446\/revisions\/145457"}],"wp:featuredmedia":[{"embeddable":true,"href":"https:\/\/vinasfm.com\/noticias\/wp-json\/wp\/v2\/media\/145447"}],"wp:attachment":[{"href":"https:\/\/vinasfm.com\/noticias\/wp-json\/wp\/v2\/media?parent=145446"}],"wp:term":[{"taxonomy":"category","embeddable":true,"href":"https:\/\/vinasfm.com\/noticias\/wp-json\/wp\/v2\/categories?post=145446"},{"taxonomy":"post_tag","embeddable":true,"href":"https:\/\/vinasfm.com\/noticias\/wp-json\/wp\/v2\/tags?post=145446"}],"curies":[{"name":"wp","href":"https:\/\/api.w.org\/{rel}","templated":true}]}}