{"id":145439,"date":"2025-03-17T12:24:25","date_gmt":"2025-03-17T15:24:25","guid":{"rendered":"https:\/\/vinasfm.com\/noticias\/?p=145439"},"modified":"2025-03-18T10:04:46","modified_gmt":"2025-03-18T13:04:46","slug":"honorable-concejo-deliberante-martinez-se-une-al-oficialismo","status":"publish","type":"post","link":"https:\/\/vinasfm.com\/noticias\/honorable-concejo-deliberante-martinez-se-une-al-oficialismo\/","title":{"rendered":"HONORABLE CONCEJO DELIBERANTE: MART\u00cdNEZ SE UNE AL OFICIALISMO"},"content":{"rendered":"<h4 data-sourcepos=\"5:1-5:417\"><span style=\"color: #000000;\">En una sorpresiva decisi\u00f3n, la concejal Mirta Mart\u00ednez, quien ingres\u00f3 al Concejo Deliberante integrando La Uni\u00f3n Mendocina y luego sum\u00f3 al Partido Libertario, anunci\u00f3 su incorporaci\u00f3n al bloque oficialista, conformado por la Uni\u00f3n C\u00edvica Radical. <\/span><\/h4>\n<p data-sourcepos=\"5:1-5:417\"><span style=\"color: #000000;\"><span style=\"color: #003366;\"><strong>Mart\u00ednez<\/strong><\/span> explic\u00f3 que su decisi\u00f3n se debe a las dificultades que enfrent\u00f3 para trabajar con sus anteriores secretarios y asesores, y al apoyo que encontr\u00f3 en el oficialismo. <em><strong>\u00abHe venido lidiando m\u00e1s con la gente de adentro que con la gente de afuera\u00bb<\/strong><\/em>, apunt\u00f3 inicialmente para luego destacar el apoyo recibido por parte del secretario del bloque radical. <em><strong>\u00abDesde que llegu\u00e9 encontr\u00e9 el apoyo del oficialismo, por eso he decidido integrar un interbloque con ellos para poder trabajar\u00bb<\/strong><\/em>, expres\u00f3 confirmando as\u00ed su uni\u00f3n al oficiliasmo.<\/span><\/p>\n<p data-sourcepos=\"9:1-9:495\"><span style=\"color: #000000;\">Mart\u00ednez enfatiz\u00f3 que su prioridad es trabajar por los vecinos de General Alvear y que no vive de la pol\u00edtica. <em><strong>\u00abYo no vivo de la pol\u00edtica. Me jubil\u00e9 como directora, fui 15 a\u00f1os directora libre con el 90% de zona, 34 a\u00f1os de docencia\u00bb<\/strong><\/em>, y aclar\u00f3 la situaci\u00f3n sobre su jubilaci\u00f3n: <strong><em>\u00abest\u00e1 legalemte suspendida\u00bb.\u00a0<\/em><\/strong><\/span><\/p>\n<p data-sourcepos=\"11:1-11:443\"><span style=\"color: #000000;\">Adem\u00e1s, critic\u00f3 la <em><strong>\u00abviolencia pol\u00edtica\u00bb<\/strong><\/em> que sufri\u00f3, especialmente por ser mujer.<strong><em> \u00abA las mujeres siempre nos dejan de lado, nos quieren manipular. Eso me ha pasado en pol\u00edtica, me han querido manipular y por eso he tenido que obviamente hacer cesar en sus funciones a alg\u00fan secretario y a alg\u00fan asesor\u00bb.<\/em><\/strong><\/span><\/p>\n<p data-sourcepos=\"11:1-11:443\"><img loading=\"lazy\" decoding=\"async\" class=\"\" src=\"https:\/\/scontent.fmdz5-1.fna.fbcdn.net\/v\/t39.30808-6\/481086908_1046165384224607_7877987944494509041_n.jpg?_nc_cat=110&amp;ccb=1-7&amp;_nc_sid=833d8c&amp;_nc_ohc=QSeegcV3voMQ7kNvgHDoWXZ&amp;_nc_oc=AdjRcU0Cj9VZmPRxdEsBNnFYWfU12E5N9EOEoFbs3l8pX80kxWDfjkIzEL3OXdmPlog&amp;_nc_zt=23&amp;_nc_ht=scontent.fmdz5-1.fna&amp;_nc_gid=Ru8V0AxN38JTnKb9qzKK2A&amp;oh=00_AYEwJwac_vse0Tj2qX1Jn1cadNpHAYX861RNN-42X_V1jA&amp;oe=67DDFD3B\" alt=\"Puede ser una imagen de 5 personas\" width=\"633\" height=\"365\" \/><\/p>\n<h6 data-sourcepos=\"11:1-11:443\">Mirta Mart\u00ednez asumi\u00f3 como la Vicepresidente segunda del HCD.<\/h6>\n<p data-sourcepos=\"13:1-13:514\"><span style=\"color: #000000;\">Por su parte, el <em>concejal oficialista<\/em> <span style=\"color: #003366;\"><strong>Hern\u00e1n Climent<\/strong> <\/span>celebr\u00f3 la decisi\u00f3n de Mart\u00ednez y destac\u00f3 la importancia de trabajar por los alvearenses. <em><strong>\u00abVemos con agrado esta decisi\u00f3n y por\u00a0 hemos prestado todo el apoyo a la concejal Mirta Mart\u00ednez para &#8216;Libertad y Progreso&#8217; forme parte del interbloque junto a la Uni\u00f3n C\u00edvica Radical. Creo que nos debemos a la sociedad de Alvear y no a las manipulaciones pol\u00edticas que se quieran hacer\u00bb.<\/strong><\/em><\/span><\/p>\n<p data-sourcepos=\"15:1-15:445\"><span style=\"color: #000000;\">La <em>presidente del Concejo Deliberante<\/em>, <span style=\"color: #003366;\"><strong>Alejandra Torti<\/strong><\/span>, tambi\u00e9n expres\u00f3 su apoyo a Mart\u00ednez y destac\u00f3 su valent\u00eda. <em><strong>\u00ab<\/strong><strong>La opini\u00f3n es sumamente positiva. Yo creo que ella ha sido una mujer muy valiente porque viene desde el principio de su gesti\u00f3n pasando muy malos momentos\u00bb.<\/strong><\/em><\/span><\/p>\n<p data-sourcepos=\"17:1-17:209\"><span style=\"color: #000000;\">Torti inform\u00f3 que la sesi\u00f3n inaugural del a\u00f1o 2025 del Concejo Deliberante se llevar\u00e1 a cabo el mi\u00e9rcoles 19 de junio a las 20 horas en el Teatro Antonio La Fada, donde el intendente brindar\u00e1 su mensaje anual.<\/span><\/p>\n","protected":false},"excerpt":{"rendered":"<p>En una sorpresiva decisi\u00f3n, la concejal Mirta Mart\u00ednez, quien ingres\u00f3 al Concejo Deliberante integrando La Uni\u00f3n Mendocina y luego sum\u00f3 al &#8230;<\/p>\n","protected":false},"author":7,"featured_media":145441,"comment_status":"open","ping_status":"open","sticky":false,"template":"","format":"standard","meta":{"footnotes":""},"categories":[5,26],"tags":[],"class_list":["post-145439","post","type-post","status-publish","format-standard","has-post-thumbnail","hentry","category-actualidad","category-hcd"],"_links":{"self":[{"href":"https:\/\/vinasfm.com\/noticias\/wp-json\/wp\/v2\/posts\/145439","targetHints":{"allow":["GET"]}}],"collection":[{"href":"https:\/\/vinasfm.com\/noticias\/wp-json\/wp\/v2\/posts"}],"about":[{"href":"https:\/\/vinasfm.com\/noticias\/wp-json\/wp\/v2\/types\/post"}],"author":[{"embeddable":true,"href":"https:\/\/vinasfm.com\/noticias\/wp-json\/wp\/v2\/users\/7"}],"replies":[{"embeddable":true,"href":"https:\/\/vinasfm.com\/noticias\/wp-json\/wp\/v2\/comments?post=145439"}],"version-history":[{"count":1,"href":"https:\/\/vinasfm.com\/noticias\/wp-json\/wp\/v2\/posts\/145439\/revisions"}],"predecessor-version":[{"id":145443,"href":"https:\/\/vinasfm.com\/noticias\/wp-json\/wp\/v2\/posts\/145439\/revisions\/145443"}],"wp:featuredmedia":[{"embeddable":true,"href":"https:\/\/vinasfm.com\/noticias\/wp-json\/wp\/v2\/media\/145441"}],"wp:attachment":[{"href":"https:\/\/vinasfm.com\/noticias\/wp-json\/wp\/v2\/media?parent=145439"}],"wp:term":[{"taxonomy":"category","embeddable":true,"href":"https:\/\/vinasfm.com\/noticias\/wp-json\/wp\/v2\/categories?post=145439"},{"taxonomy":"post_tag","embeddable":true,"href":"https:\/\/vinasfm.com\/noticias\/wp-json\/wp\/v2\/tags?post=145439"}],"curies":[{"name":"wp","href":"https:\/\/api.w.org\/{rel}","templated":true}]}}