{"id":145408,"date":"2025-03-17T08:57:27","date_gmt":"2025-03-17T11:57:27","guid":{"rendered":"https:\/\/vinasfm.com\/noticias\/?p=145408"},"modified":"2025-03-18T09:04:05","modified_gmt":"2025-03-18T12:04:05","slug":"asociacion-tomate-2000-la-apertura-a-la-importacion-podria-impactar-en-una-reduccion-de-la-superficie-cultivada-y-en-perdida-de-empleos","status":"publish","type":"post","link":"https:\/\/vinasfm.com\/noticias\/asociacion-tomate-2000-la-apertura-a-la-importacion-podria-impactar-en-una-reduccion-de-la-superficie-cultivada-y-en-perdida-de-empleos\/","title":{"rendered":"ASOCIACI\u00d3N TOMATE 2000: LA APERTURA A LA IMPORTACI\u00d3N PODR\u00cdA IMPACTAR EN UNA REDUCCI\u00d3N DE LA SUPERFICIE CULTIVADA Y EN P\u00c9RDIDA DE EMPLEOS"},"content":{"rendered":"<h4><span class=\"sigijh_hlt sigijh_animateMe\">La apertura de importaciones de pasta y tomate fresco ha encendido las alarmas en la industria local, especialmente en la regi\u00f3n de Cuyo, que en los \u00faltimos a\u00f1os logr\u00f3 el autoabastecimiento del mercado interno. <\/span><\/h4>\n<p><span class=\"sigijh_hlt sigijh_animateMe\"><span style=\"color: #003366;\"><strong>Guillermo San Mart\u00edn<\/strong><\/span>, <em>gerente de la Asociaci\u00f3n Tomate 2000<\/em>, advirti\u00f3 que la competencia con productos importados a precios inferiores podr\u00eda reducir la producci\u00f3n y afectar el empleo en el sector.<\/span><\/p>\n<p><em><strong>\u201cEl trabajo de la Asociaci\u00f3n Tomate 2000 ha logrado en los \u00faltimos cinco a\u00f1os que la regi\u00f3n de Cuyo sea la m\u00e1s importante en la producci\u00f3n de tomate para industria en el pa\u00eds. En la temporada pasada alcanzamos el autoabastecimiento, lo que permiti\u00f3 disminuir las importaciones\u201d<\/strong><\/em>, detall\u00f3 al periodismo.<\/p>\n<p>Sin embargo, la situaci\u00f3n podr\u00eda revertirse debido a la apertura de las importaciones, facilitadas por el acceso a d\u00f3lares para la compra en el exterior. En este contexto, la llegada de pasta concentrada desde Chile y China genera preocupaci\u00f3n.<strong><em> \u201cEl mercado argentino es muy atractivo porque tiene el consumo per c\u00e1pita m\u00e1s alto de Sudam\u00e9rica. Solo en productos industrializados de tomate consumimos entre 15 y 20 kilos anuales por persona. A esto se suma el tomate fresco y las conservas caseras. Es un consumo muy alto y logramos abastecerlo, pero ahora la competencia desigual pone en jaque al sector\u201d<\/em><\/strong>, explic\u00f3.<\/p>\n<p>San Mart\u00edn resalt\u00f3 que la tecnolog\u00eda aplicada en la producci\u00f3n permiti\u00f3 un r\u00e9cord de rendimiento en la campa\u00f1a 2024-2025, con promedios de 110 toneladas por hect\u00e1rea en La Rioja y San Juan, superando incluso a los principales productores mundiales.<em><strong> \u201cEsto se debe al trabajo de la asociaci\u00f3n, que transfiere tecnolog\u00eda a los productores y genera un derrame de conocimiento en toda la cadena\u201d<\/strong><\/em>, destac\u00f3.<\/p>\n<p>La llegada de productos importados a precios inferiores pone en peligro esta competitividad. <strong><em>\u201cEn enero se importaron 8.000 toneladas de pasta concentrada, cuando el total de 2024 fue de 30.000. La pasta de China ingresa a precios que nuestras industrias no pueden igualar\u201d<\/em><\/strong>, indic\u00f3.<\/p>\n<p>El impacto podr\u00eda traducirse en una reducci\u00f3n de la superficie cultivada y en p\u00e9rdida de empleos. <strong><em>\u201cEs dif\u00edcil predecir la magnitud, pero estimamos que entre 2.000 y 3.000 hect\u00e1reas podr\u00edan verse afectadas. Los productores no integrados, que venden sin contrato, ya est\u00e1n comercializando por debajo del\u00a0<\/em><\/strong><span class=\"sigijh_hlt\"><strong><em>costo de producci\u00f3n y ser\u00e1n los primeros en caer\u201d<\/em><\/strong>, advirti\u00f3.<br \/>\n<\/span><\/p>\n<p><span class=\"sigijh_hlt\">El sector, adem\u00e1s de generar empleo, dinamiza la econom\u00eda regional con su cadena de proveedores. <strong><em>\u201cLa crisis afectar\u00eda a viveros, productores, proveedores de insumos y trabajadores rurales. Se trata de un cultivo intensivo en capital y mano de obra, por lo que el impacto ser\u00eda significativo\u201d<\/em><\/strong>, alert\u00f3.<br \/>\n<\/span><\/p>\n<p><span class=\"sigijh_hlt\">Ante esta situaci\u00f3n, la Asociaci\u00f3n Tomate 2000 mantuvo reuniones con referentes de los ministerios de Producci\u00f3n de Mendoza y San Juan, obteniendo l\u00edneas de financiamiento. <strong><em>\u201cSi bien es una ayuda, no es suficiente. Hubi\u00e9ramos necesitado un plan de transici\u00f3n de dos o tres a\u00f1os para prepararnos para la apertura. Ahora nos toca competir sin margen de adaptaci\u00f3n\u201d<\/em><\/strong>, lament\u00f3 San Mart\u00edn.<\/span><\/p>\n<p>Finalmente, cuestion\u00f3 la falta de estrategias para proteger las econom\u00edas regionales.<strong><em> \u201cSin econom\u00edas regionales, Argentina no se va a desarrollar. Necesitamos generar trabajo para reducir la pobreza y las producciones locales son la clave. No podemos basarnos solo en la Pampa H\u00fameda, porque el pa\u00eds tambi\u00e9n necesita sectores que generen empleo directo\u201d<\/em><\/strong>, concluy\u00f3.<\/p>\n","protected":false},"excerpt":{"rendered":"<p>La apertura de importaciones de pasta y tomate fresco ha encendido las alarmas en la industria local, especialmente en la regi\u00f3n &#8230;<\/p>\n","protected":false},"author":7,"featured_media":145409,"comment_status":"open","ping_status":"open","sticky":false,"template":"","format":"standard","meta":{"footnotes":""},"categories":[14,10],"tags":[],"class_list":["post-145408","post","type-post","status-publish","format-standard","has-post-thumbnail","hentry","category-agro","category-destacadas"],"_links":{"self":[{"href":"https:\/\/vinasfm.com\/noticias\/wp-json\/wp\/v2\/posts\/145408","targetHints":{"allow":["GET"]}}],"collection":[{"href":"https:\/\/vinasfm.com\/noticias\/wp-json\/wp\/v2\/posts"}],"about":[{"href":"https:\/\/vinasfm.com\/noticias\/wp-json\/wp\/v2\/types\/post"}],"author":[{"embeddable":true,"href":"https:\/\/vinasfm.com\/noticias\/wp-json\/wp\/v2\/users\/7"}],"replies":[{"embeddable":true,"href":"https:\/\/vinasfm.com\/noticias\/wp-json\/wp\/v2\/comments?post=145408"}],"version-history":[{"count":1,"href":"https:\/\/vinasfm.com\/noticias\/wp-json\/wp\/v2\/posts\/145408\/revisions"}],"predecessor-version":[{"id":145410,"href":"https:\/\/vinasfm.com\/noticias\/wp-json\/wp\/v2\/posts\/145408\/revisions\/145410"}],"wp:featuredmedia":[{"embeddable":true,"href":"https:\/\/vinasfm.com\/noticias\/wp-json\/wp\/v2\/media\/145409"}],"wp:attachment":[{"href":"https:\/\/vinasfm.com\/noticias\/wp-json\/wp\/v2\/media?parent=145408"}],"wp:term":[{"taxonomy":"category","embeddable":true,"href":"https:\/\/vinasfm.com\/noticias\/wp-json\/wp\/v2\/categories?post=145408"},{"taxonomy":"post_tag","embeddable":true,"href":"https:\/\/vinasfm.com\/noticias\/wp-json\/wp\/v2\/tags?post=145408"}],"curies":[{"name":"wp","href":"https:\/\/api.w.org\/{rel}","templated":true}]}}