{"id":145392,"date":"2025-03-15T10:25:20","date_gmt":"2025-03-15T13:25:20","guid":{"rendered":"https:\/\/vinasfm.com\/noticias\/?p=145392"},"modified":"2025-03-17T09:50:51","modified_gmt":"2025-03-17T12:50:51","slug":"inflacion-en-mendoza-los-precios-subieron-un-25-en-febrero","status":"publish","type":"post","link":"https:\/\/vinasfm.com\/noticias\/inflacion-en-mendoza-los-precios-subieron-un-25-en-febrero\/","title":{"rendered":"INFLACI\u00d3N EN MENDOZA: LOS PRECIOS SUBIERON UN 2,5% EN FEBRERO"},"content":{"rendered":"<h4>La cifra se ubic\u00f3 por arriba del promedio nacional. Equipamiento y mantenimiento del hogar subi\u00f3 un 5,9%<\/h4>\n<p><strong>El \u00cdndice de Precios al Consumidor (IPC) en Mendoza<\/strong>\u00a0alcanz\u00f3 un\u00a0<strong>2,5%<\/strong>\u00a0en\u00a0<strong>febrero<\/strong>, una cifra\u00a0mayor al\u00a0<strong>promedio nacional, que lleg\u00f3 a 2,4%<\/strong>.<\/p>\n<p>Seg\u00fan los datos elaborados por la Direcci\u00f3n de Estad\u00edsticas e Investigaciones Econ\u00f3micas (DEIE), la<strong>\u00a0diferencia interanual de precios fue de un 60,3%<\/strong>, tambi\u00e9n por debajo de lo que arroj\u00f3 el informe del \u00cdndice de Estad\u00edsticas y Censos (Indec).<\/p>\n<p><strong>El rubro que m\u00e1s aument\u00f3\u00a0<\/strong>fue\u00a0<strong>Equipamiento y Mantenimiento del Hogar<\/strong>, con un\u00a0<strong>5,9%<\/strong>\u00a0en la variaci\u00f3n de los precios.<\/p>\n<aside class=\"scaip scaip-1    \"><\/aside>\n<p>La\u00a0<strong>Vivienda\u00a0<\/strong>y<strong>\u00a0Servicios B\u00e1sicos<\/strong>\u00a0fue lo segundo que m\u00e1s aument\u00f3 en febrero:\u00a0<strong>4,2%\u00a0<\/strong>y en lo que va del a\u00f1o acumula un total\u00a0<strong>6,7%<\/strong>.<\/p>\n<p>Y, tercero, los\u00a0<strong>Alimentos y Bebidas<\/strong>, con\u00a0<strong>3,8%<\/strong>. Un dato que alcanz\u00f3 la cifra de\u00a0<strong>5%<\/strong>\u00a0en los dos primeros meses del a\u00f1o.<\/p>\n<p>&nbsp;<\/p>\n<p><a href=\"https:\/\/vinasfm.com\/noticias\/wp-content\/uploads\/2025\/03\/inflacion-1-1.webp\"><img loading=\"lazy\" decoding=\"async\" class=\"alignnone wp-image-145393\" src=\"https:\/\/vinasfm.com\/noticias\/wp-content\/uploads\/2025\/03\/inflacion-1-1.webp\" alt=\"\" width=\"600\" height=\"311\" srcset=\"https:\/\/vinasfm.com\/noticias\/wp-content\/uploads\/2025\/03\/inflacion-1-1.webp 409w, https:\/\/vinasfm.com\/noticias\/wp-content\/uploads\/2025\/03\/inflacion-1-1-300x156.webp 300w\" sizes=\"auto, (max-width: 600px) 100vw, 600px\" \/><\/a><\/p>\n<p>El resto de los segmentos se aloj\u00f3 por debajo del 3%, como\u00a0<strong>Atenci\u00f3n M\u00e9dica y Gastos para la Salud, que registr\u00f3 un incremento de 2,2%<\/strong>\u00a0en los precios.\u00a0<strong>Otras Bienes y Servicios<\/strong>\u00a0arr\u00f3jo\u00a0<strong>2,1%<\/strong>\u00a0y\u00a0<strong>Transporte y Comunicaciones<\/strong>\u00a0un\u00a0<strong>1,5%<\/strong>.<\/p>\n<aside class=\"scaip scaip-2    \"><\/aside>\n<p><strong>S\u00f3lo dos rubros estuvieron por debajo del 1%<\/strong>: el\u00a0<strong>Esparcimiento<\/strong>, con\u00a0<strong>0,5<\/strong>%, y el\u00a0Educaci\u00f3n, con\u00a0<strong>0,6%<\/strong>. Mientras que la categor\u00eda de\u00a0<strong>Indumentar\u00eda<\/strong>\u00a0present\u00f3 una deflaci\u00f3n del\u00a0<strong>2,0%<\/strong>.<\/p>\n","protected":false},"excerpt":{"rendered":"<p>La cifra se ubic\u00f3 por arriba del promedio nacional. Equipamiento y mantenimiento del hogar subi\u00f3 un 5,9% El \u00cdndice de Precios &#8230;<\/p>\n","protected":false},"author":7,"featured_media":145394,"comment_status":"open","ping_status":"open","sticky":false,"template":"","format":"standard","meta":{"footnotes":""},"categories":[16,193],"tags":[],"class_list":["post-145392","post","type-post","status-publish","format-standard","has-post-thumbnail","hentry","category-economia","category-inflacion"],"_links":{"self":[{"href":"https:\/\/vinasfm.com\/noticias\/wp-json\/wp\/v2\/posts\/145392","targetHints":{"allow":["GET"]}}],"collection":[{"href":"https:\/\/vinasfm.com\/noticias\/wp-json\/wp\/v2\/posts"}],"about":[{"href":"https:\/\/vinasfm.com\/noticias\/wp-json\/wp\/v2\/types\/post"}],"author":[{"embeddable":true,"href":"https:\/\/vinasfm.com\/noticias\/wp-json\/wp\/v2\/users\/7"}],"replies":[{"embeddable":true,"href":"https:\/\/vinasfm.com\/noticias\/wp-json\/wp\/v2\/comments?post=145392"}],"version-history":[{"count":1,"href":"https:\/\/vinasfm.com\/noticias\/wp-json\/wp\/v2\/posts\/145392\/revisions"}],"predecessor-version":[{"id":145395,"href":"https:\/\/vinasfm.com\/noticias\/wp-json\/wp\/v2\/posts\/145392\/revisions\/145395"}],"wp:featuredmedia":[{"embeddable":true,"href":"https:\/\/vinasfm.com\/noticias\/wp-json\/wp\/v2\/media\/145394"}],"wp:attachment":[{"href":"https:\/\/vinasfm.com\/noticias\/wp-json\/wp\/v2\/media?parent=145392"}],"wp:term":[{"taxonomy":"category","embeddable":true,"href":"https:\/\/vinasfm.com\/noticias\/wp-json\/wp\/v2\/categories?post=145392"},{"taxonomy":"post_tag","embeddable":true,"href":"https:\/\/vinasfm.com\/noticias\/wp-json\/wp\/v2\/tags?post=145392"}],"curies":[{"name":"wp","href":"https:\/\/api.w.org\/{rel}","templated":true}]}}