{"id":145387,"date":"2025-03-15T09:53:28","date_gmt":"2025-03-15T12:53:28","guid":{"rendered":"https:\/\/vinasfm.com\/noticias\/?p=145387"},"modified":"2025-03-15T09:53:28","modified_gmt":"2025-03-15T12:53:28","slug":"dia-mundial-del-consumidor-conoce-y-hace-valer-tus-derechos","status":"publish","type":"post","link":"https:\/\/vinasfm.com\/noticias\/dia-mundial-del-consumidor-conoce-y-hace-valer-tus-derechos\/","title":{"rendered":"D\u00cdA MUNDIAL DEL CONSUMIDOR: CONOC\u00c9 Y HAC\u00c9 VALER TUS DERECHOS"},"content":{"rendered":"<h4>Conocer nuestros derechos como usuarios y consumidores, hacerlos valer y compartir esta informaci\u00f3n resulta sumamente importante para sostener escenarios m\u00e1s equilibrados en las compras de productos y contrataciones de servicios.<\/h4>\n<p>El 15 de marzo se celebra el D\u00eda Mundial de los Derechos de los Consumidores, tambi\u00e9n denominado D\u00eda Mundial del Consumidor.<\/p>\n<p>En conmemoraci\u00f3n de la fecha, la <strong>Direcci\u00f3n de Defensa del Consumidor del Gobierno de Mendoza<\/strong> inst\u00f3 a los ciudadanos a reflexionar sobre el sentido de esta jornada con la finalidad de <strong>informarnos sobre nuestros derechos y considerar nuestras obligaciones al decidir compras y contrataciones, y para denunciar cuando se incumpla la ley.<\/strong><\/p>\n<h2>D\u00eda Mundial de los Derechos del Consumidor<\/h2>\n<p>La <strong>Organizaci\u00f3n de las Naciones Unidas<\/strong> <em>(ONU)<\/em> instaur\u00f3 en 1983 el D\u00eda Mundial de los Derechos del Consumidor. <strong>La celebraci\u00f3n evoca las palabras de John Fitzgerald Kennedy, quien fuera presidente de Estados Unidos, cuando en su discurso del 15 de marzo de 1962 reconoci\u00f3 al consumidor como un elemento fundamental dentro del proceso productivo.<\/strong><\/p>\n<p>Luego, en 1985, la Asamblea General de la ONU aprob\u00f3 las <strong>\u201cDirectrices para la protecci\u00f3n de los consumidores\u201d<\/strong>. Esto signific\u00f3 un reconocimiento y la legitimidad internacional a los derechos enumerados por el expresidente estadounidense, quien hab\u00eda fomentado en su momento distintas acciones para promover los derechos del consumidor: <strong>a la seguridad, a la informaci\u00f3n, a la libertad de elecci\u00f3n y a ser debidamente escuchado en ese rol, como tambi\u00e9n a la protecci\u00f3n en la alimentaci\u00f3n y los medicamentos, con medios de transportes m\u00e1s seguros y protecci\u00f3n financiera.<\/strong><\/p>\n","protected":false},"excerpt":{"rendered":"<p>Conocer nuestros derechos como usuarios y consumidores, hacerlos valer y compartir esta informaci\u00f3n resulta sumamente importante para sostener escenarios m\u00e1s equilibrados &#8230;<\/p>\n","protected":false},"author":7,"featured_media":145386,"comment_status":"open","ping_status":"open","sticky":false,"template":"","format":"standard","meta":{"footnotes":""},"categories":[1],"tags":[],"class_list":["post-145387","post","type-post","status-publish","format-standard","has-post-thumbnail","hentry","category-fmvinas"],"_links":{"self":[{"href":"https:\/\/vinasfm.com\/noticias\/wp-json\/wp\/v2\/posts\/145387","targetHints":{"allow":["GET"]}}],"collection":[{"href":"https:\/\/vinasfm.com\/noticias\/wp-json\/wp\/v2\/posts"}],"about":[{"href":"https:\/\/vinasfm.com\/noticias\/wp-json\/wp\/v2\/types\/post"}],"author":[{"embeddable":true,"href":"https:\/\/vinasfm.com\/noticias\/wp-json\/wp\/v2\/users\/7"}],"replies":[{"embeddable":true,"href":"https:\/\/vinasfm.com\/noticias\/wp-json\/wp\/v2\/comments?post=145387"}],"version-history":[{"count":1,"href":"https:\/\/vinasfm.com\/noticias\/wp-json\/wp\/v2\/posts\/145387\/revisions"}],"predecessor-version":[{"id":145388,"href":"https:\/\/vinasfm.com\/noticias\/wp-json\/wp\/v2\/posts\/145387\/revisions\/145388"}],"wp:featuredmedia":[{"embeddable":true,"href":"https:\/\/vinasfm.com\/noticias\/wp-json\/wp\/v2\/media\/145386"}],"wp:attachment":[{"href":"https:\/\/vinasfm.com\/noticias\/wp-json\/wp\/v2\/media?parent=145387"}],"wp:term":[{"taxonomy":"category","embeddable":true,"href":"https:\/\/vinasfm.com\/noticias\/wp-json\/wp\/v2\/categories?post=145387"},{"taxonomy":"post_tag","embeddable":true,"href":"https:\/\/vinasfm.com\/noticias\/wp-json\/wp\/v2\/tags?post=145387"}],"curies":[{"name":"wp","href":"https:\/\/api.w.org\/{rel}","templated":true}]}}