{"id":145376,"date":"2025-03-14T11:45:07","date_gmt":"2025-03-14T14:45:07","guid":{"rendered":"https:\/\/vinasfm.com\/noticias\/?p=145376"},"modified":"2025-03-17T08:58:32","modified_gmt":"2025-03-17T11:58:32","slug":"a-150-anos-de-su-nacimiento-quien-fue-alejo-vladimir-abutcov","status":"publish","type":"post","link":"https:\/\/vinasfm.com\/noticias\/a-150-anos-de-su-nacimiento-quien-fue-alejo-vladimir-abutcov\/","title":{"rendered":"A 150 A\u00d1OS DE SU NACIMIENTO \u00bfQUI\u00c9N FUE ALEJO VLADIMIR ABUTCOV?"},"content":{"rendered":"<h4><b>Alejo Vladimir Abutcov<\/b>\u00a0fue un destacado compositor e int\u00e9rprete de origen\u00a0ruso, profesor de la Capilla Imperial de Coral de\u00a0San Petersburgo.<\/h4>\n<p><strong><span style=\"color: #800080;\">Aleks\u00e9i Vlad\u00edmirovich Abutkov<\/span><\/strong> naci\u00f3 en la provincia de <strong><span style=\"color: #333399;\">Sar\u00e1tov<\/span><\/strong>, al sur de Rusia, el 29 de febrero de 1872, hijo de los terratenientes <strong><span style=\"color: #800080;\">Vlad\u00edmir Nikol\u00e1ievich Abutkov<\/span><\/strong> y <strong><span style=\"color: #800080;\">Aleksandra Aleks\u00e9ievna Abutkova<\/span><\/strong>.<\/p>\n<p>En marzo de 1923 se radic\u00f3 en la\u00a0ciudad de Buenos Aires, capital de la\u00a0Rep\u00fablica Argentina. Tras inscribirse en la Asociaci\u00f3n del Profesorado Orquestal, sobrevivi\u00f3 dando clases privadas y en algunos conservatorios de la ciudad y como pianista en caf\u00e9s y restaurantes. Realiz\u00f3 tambi\u00e9n una gira por Uruguay y Chile como director de una compa\u00f1\u00eda de \u00f3pera y ballet constituida por connacionales.<\/p>\n<p>En septiembre de 1924 adquiri\u00f3 una finca en <strong><span style=\"color: #333399;\">Carmensa<\/span><\/strong>,\u00a0<strong><span style=\"color: #333399;\">Colonia San Pedro del Atuel<\/span><\/strong>,\u00a0departamento <span style=\"color: #333399;\"><strong>General Alvear, Mendoza,<\/strong><\/span> con el objetivo de fundar una colonia regida por la filosof\u00eda de Tolst\u00f3i.<\/p>\n<p>La plaza del distrito de Carmensa lleva el nombre de <strong><span style=\"color: #800080;\">Vladimir Alejo Abutcov<\/span><\/strong> en honor a su legado musical y filos\u00f3fico. Para conmemorar los 150 a\u00f1os de su nacimiento, se realiz\u00f3 un acto solemne con la participaci\u00f3n de escuelas primarias y secundarias.<\/p>\n<p>&nbsp;<\/p>\n<p>&nbsp;<\/p>\n","protected":false},"excerpt":{"rendered":"<p>Alejo Vladimir Abutcov\u00a0fue un destacado compositor e int\u00e9rprete de origen\u00a0ruso, profesor de la Capilla Imperial de Coral de\u00a0San Petersburgo. Aleks\u00e9i Vlad\u00edmirovich &#8230;<\/p>\n","protected":false},"author":7,"featured_media":145384,"comment_status":"open","ping_status":"open","sticky":false,"template":"","format":"standard","meta":{"footnotes":""},"categories":[19,11],"tags":[],"class_list":["post-145376","post","type-post","status-publish","format-standard","has-post-thumbnail","hentry","category-cultura","category-sociales"],"_links":{"self":[{"href":"https:\/\/vinasfm.com\/noticias\/wp-json\/wp\/v2\/posts\/145376","targetHints":{"allow":["GET"]}}],"collection":[{"href":"https:\/\/vinasfm.com\/noticias\/wp-json\/wp\/v2\/posts"}],"about":[{"href":"https:\/\/vinasfm.com\/noticias\/wp-json\/wp\/v2\/types\/post"}],"author":[{"embeddable":true,"href":"https:\/\/vinasfm.com\/noticias\/wp-json\/wp\/v2\/users\/7"}],"replies":[{"embeddable":true,"href":"https:\/\/vinasfm.com\/noticias\/wp-json\/wp\/v2\/comments?post=145376"}],"version-history":[{"count":1,"href":"https:\/\/vinasfm.com\/noticias\/wp-json\/wp\/v2\/posts\/145376\/revisions"}],"predecessor-version":[{"id":145379,"href":"https:\/\/vinasfm.com\/noticias\/wp-json\/wp\/v2\/posts\/145376\/revisions\/145379"}],"wp:featuredmedia":[{"embeddable":true,"href":"https:\/\/vinasfm.com\/noticias\/wp-json\/wp\/v2\/media\/145384"}],"wp:attachment":[{"href":"https:\/\/vinasfm.com\/noticias\/wp-json\/wp\/v2\/media?parent=145376"}],"wp:term":[{"taxonomy":"category","embeddable":true,"href":"https:\/\/vinasfm.com\/noticias\/wp-json\/wp\/v2\/categories?post=145376"},{"taxonomy":"post_tag","embeddable":true,"href":"https:\/\/vinasfm.com\/noticias\/wp-json\/wp\/v2\/tags?post=145376"}],"curies":[{"name":"wp","href":"https:\/\/api.w.org\/{rel}","templated":true}]}}