{"id":145373,"date":"2025-03-14T11:27:52","date_gmt":"2025-03-14T14:27:52","guid":{"rendered":"https:\/\/vinasfm.com\/noticias\/?p=145373"},"modified":"2025-03-17T08:58:58","modified_gmt":"2025-03-17T11:58:58","slug":"la-oficina-de-personeria-juridica-entrega-libretas-civicas-a-extranjeros-inscriptos-en-el-padron-2024","status":"publish","type":"post","link":"https:\/\/vinasfm.com\/noticias\/la-oficina-de-personeria-juridica-entrega-libretas-civicas-a-extranjeros-inscriptos-en-el-padron-2024\/","title":{"rendered":"LA OFICINA DE PERSONER\u00cdA JUR\u00cdDICA ENTREGA LIBRETAS C\u00cdVICAS A EXTRANJEROS INSCRIPTOS EN EL PADR\u00d3N 2024"},"content":{"rendered":"<h4 data-sourcepos=\"3:1-3:344\"><span style=\"color: #000000;\">La Municipalidad de General Alvear informa a todos los extranjeros inscriptos en el padr\u00f3n 2024 que las libretas c\u00edvicas municipales ya est\u00e1n disponibles para su retiro. Los mismos deber\u00e1n dirigirse a la Oficina\u00a0 de Personer\u00eda Jur\u00eddica, ubicada en el primer piso del edificio municipal, de lunes a viernes de 7:00 a 13:00 horas.<\/span><\/h4>\n<p data-sourcepos=\"7:1-7:387\"><span style=\"color: #000000;\"><span style=\"color: #003366;\"><strong>Natalia Castillo<\/strong><\/span>, encargada de la Oficina de Personer\u00eda Jur\u00eddica, explic\u00f3 que el padr\u00f3n de extranjeros tiene una vigencia de tres a\u00f1os, por lo que en 2024 fue necesario realizar una nueva inscripci\u00f3n. <em><strong>\u00abNo se renovaban autom\u00e1ticamente, ten\u00eda que venir cada uno de los extranjeros residentes en General Alvear para inscribirse porque hab\u00eda que depurar tambi\u00e9n el padr\u00f3n anterior\u00bb<\/strong><\/em>, detall\u00f3.<\/span><\/p>\n<p data-sourcepos=\"9:1-9:305\"><span style=\"color: #000000;\">Durante el proceso, <strong>se inscribieron 70 extranjeros de distintos distritos del departamento<\/strong>, conformando un padr\u00f3n provisorio que fue elevado al Consejo Deliberante para su aprobaci\u00f3n. <strong>Tras cumplir con los tr\u00e1mites administrativos, se obtuvo el padr\u00f3n definitivo por parte de la Junta Electoral de Mendoza.<\/strong><\/span><\/p>\n<p data-sourcepos=\"13:1-13:321\"><span style=\"color: #000000;\">La Libreta C\u00edvica Municipal <strong>habilita a los extranjeros a participar en las pr\u00f3ximas elecciones locales y acreditar su residencia en General Alvear ante organismos como ANSES. <em>\u00abA trav\u00e9s de esta libreta pueden invocar para todos aquellos tr\u00e1mites que necesiten, acreditar que son extranjeros viviendo ac\u00e1\u00bb<\/em><\/strong>, se\u00f1al\u00f3 Castillo.<\/span><\/p>\n<p data-sourcepos=\"17:1-17:294\"><span style=\"color: #000000;\">La Municipalidad de General Alvear invita a todos los extranjeros que se inscribieron en el padr\u00f3n 2024 a retirar su libreta c\u00edvica municipal y firmar el registro de extranjeros.<em><strong> \u00abYa las tenemos disponibles, as\u00ed que invitamos a todos para que se sumen y vengan a retirarlas\u00bb<\/strong><\/em>, concluy\u00f3 Castillo.<\/span><\/p>\n","protected":false},"excerpt":{"rendered":"<p>La Municipalidad de General Alvear informa a todos los extranjeros inscriptos en el padr\u00f3n 2024 que las libretas c\u00edvicas municipales ya &#8230;<\/p>\n","protected":false},"author":7,"featured_media":145374,"comment_status":"open","ping_status":"open","sticky":false,"template":"","format":"standard","meta":{"footnotes":""},"categories":[10,11],"tags":[],"class_list":["post-145373","post","type-post","status-publish","format-standard","has-post-thumbnail","hentry","category-destacadas","category-sociales"],"_links":{"self":[{"href":"https:\/\/vinasfm.com\/noticias\/wp-json\/wp\/v2\/posts\/145373","targetHints":{"allow":["GET"]}}],"collection":[{"href":"https:\/\/vinasfm.com\/noticias\/wp-json\/wp\/v2\/posts"}],"about":[{"href":"https:\/\/vinasfm.com\/noticias\/wp-json\/wp\/v2\/types\/post"}],"author":[{"embeddable":true,"href":"https:\/\/vinasfm.com\/noticias\/wp-json\/wp\/v2\/users\/7"}],"replies":[{"embeddable":true,"href":"https:\/\/vinasfm.com\/noticias\/wp-json\/wp\/v2\/comments?post=145373"}],"version-history":[{"count":1,"href":"https:\/\/vinasfm.com\/noticias\/wp-json\/wp\/v2\/posts\/145373\/revisions"}],"predecessor-version":[{"id":145375,"href":"https:\/\/vinasfm.com\/noticias\/wp-json\/wp\/v2\/posts\/145373\/revisions\/145375"}],"wp:featuredmedia":[{"embeddable":true,"href":"https:\/\/vinasfm.com\/noticias\/wp-json\/wp\/v2\/media\/145374"}],"wp:attachment":[{"href":"https:\/\/vinasfm.com\/noticias\/wp-json\/wp\/v2\/media?parent=145373"}],"wp:term":[{"taxonomy":"category","embeddable":true,"href":"https:\/\/vinasfm.com\/noticias\/wp-json\/wp\/v2\/categories?post=145373"},{"taxonomy":"post_tag","embeddable":true,"href":"https:\/\/vinasfm.com\/noticias\/wp-json\/wp\/v2\/tags?post=145373"}],"curies":[{"name":"wp","href":"https:\/\/api.w.org\/{rel}","templated":true}]}}