{"id":145368,"date":"2025-03-14T11:06:42","date_gmt":"2025-03-14T14:06:42","guid":{"rendered":"https:\/\/vinasfm.com\/noticias\/?p=145368"},"modified":"2025-03-17T08:59:28","modified_gmt":"2025-03-17T11:59:28","slug":"escudero-presento-dos-proyectos-para-mejorar-la-atencion-geriatrica-y-la-salud-docente-en-mendoza","status":"publish","type":"post","link":"https:\/\/vinasfm.com\/noticias\/escudero-presento-dos-proyectos-para-mejorar-la-atencion-geriatrica-y-la-salud-docente-en-mendoza\/","title":{"rendered":"ESCUDERO PRESENT\u00d3 DOS PROYECTOS PARA MEJORAR LA ATENCI\u00d3N GERI\u00c1TRICA Y LA SALUD DOCENTE EN MENDOZA"},"content":{"rendered":"<h4 data-sourcepos=\"3:1-3:193\"><span style=\"color: #000000;\">La diputada Roxana Escudero present\u00f3 dos proyectos de ley esta semana, enfocados en mejorar la calidad de vida de los adultos mayores y la salud de los docentes en la provincia de Mendoza. En di\u00e1logo con FM VI\u00d1AS brind\u00f3 detalles sobre los mismos.<\/span><\/h4>\n<p data-sourcepos=\"7:1-7:430\"><span style=\"color: #000000;\">El primer proyecto busca obtener informaci\u00f3n detallada sobre el Hospital Geri\u00e1trico Jaime Prats, uno de los pocos hospitales p\u00fablicos especializados en geriatr\u00eda en el pa\u00eds. <strong>Ante la existencia de una lista de espera de aproximadamente 80 personas para acceder a las 40 camas disponibles, la diputada solicita al Ministerio de Salud que informe sobre los requisitos de ingreso y la posibilidad de ampliar la capacidad del hospital.<\/strong><\/span><\/p>\n<p data-sourcepos=\"9:1-9:263\"><span style=\"color: #000000;\"><em><strong>\u00abHemos recibido varias consultas porque hay una lista de espera de aproximadamente 80 personas\u00bb<\/strong><\/em>, explic\u00f3 la diputada Escudero. <em><strong>\u00abQueremos entender por qu\u00e9 es tan dif\u00edcil que los pecientes geri\u00e1tricos ingresen al hospital, teniendo en cuenta que el mismo est\u00e1 destinado a personas que no pueden acceder a los hospitales y cl\u00ednicas privadas\u00bb.<\/strong><\/em><\/span><\/p>\n<p data-sourcepos=\"9:1-9:263\"><span style=\"color: #000000;\">As\u00ed mismo, Escudero resalt\u00f3 que <strong><em>\u00abpese a que hace algunos a\u00f1os se ampli\u00f3 el hospital, la disponibilidad sigue siendo poca\u00bb.<\/em> <\/strong>En ese contexto destac\u00f3 la importancia de este hospital p\u00fablico, que <em>ofrece atenci\u00f3n integral a los adultos mayores, incluyendo m\u00e9dicos, nutricionistas, psic\u00f3logos y an\u00e1lisis cl\u00ednicos, especialmente en el contexto de la dif\u00edcil situaci\u00f3n econ\u00f3mica actual.<\/em><\/span><\/p>\n<p data-sourcepos=\"9:1-9:263\"><span style=\"color: #000000;\"><img decoding=\"async\" src=\"https:\/\/imagenes.elpais.com\/resizer\/v2\/IORMOIFH3NBZLEHLTIJVD4NZXQ.png?auth=a4ec323fc55535e3a85f5c1770f4a397d04361d41a023a2f195b85fac05da414&amp;width=414\" alt=\"Tienen un tama\u00f1o compacto, para poder llevarlo siempre encima y garantizar la m\u00e1xima comodidad. GETTY IMAGES.\" \/><\/span><\/p>\n<p data-sourcepos=\"15:1-15:379\"><span style=\"color: #000000;\">El segundo proyecto presentado por la diputada justicialista aborda la problem\u00e1tica de las enfermedades de la voz, especialmente la disfon\u00eda, que afecta a un alto porcentaje de docentes. <strong>Ante las dificultades que enfrentan los educadores para mantener su salud vocal en aulas con gran cantidad de alumnos, se propone la implementaci\u00f3n de micr\u00f3fonos en las aulas con m\u00e1s de 25 alumnos.<\/strong><\/span><\/p>\n<p data-sourcepos=\"17:1-17:249\"><span style=\"color: #000000;\"><em><strong>\u00abConocemos que docentes sufren muchas enfermedades de la voz, principalmente la disfon\u00eda y otras que ponen en riesgo su salud\u00bb<\/strong><\/em>, se\u00f1al\u00f3 la diputada y agreg\u00f3 <em><strong>\u00abconsideramos que es mejor prevenir porque, como en casi todas las enfermedades, es m\u00e1s econ\u00f3mico\u00bb.<\/strong><\/em><\/span><\/p>\n<p data-sourcepos=\"17:1-17:249\"><span style=\"color: #000000;\">En la actualidad, hay algunos docentes que han implementado los micr\u00f3fonos y amplicadores como herramientas de trabajo. <strong>Si bien tienen un monto elevado, en ocasiones superando los $70.000, es una gran inversi\u00f3n para prevenir las enfermedades de la voz.<\/strong><\/span><\/p>\n<p data-sourcepos=\"19:1-19:177\"><span style=\"color: #000000;\">En el mismo proyecto tambi\u00e9n se solicita <strong>la actualizaci\u00f3n del monto destinado a los cursos de la voz para docentes, establecido en la Ley 7701, que actualmente es de 100.000 pesos desde el a\u00f1o 2007.<\/strong><\/span><\/p>\n<p data-sourcepos=\"21:1-21:242\"><span style=\"color: #000000;\">La diputada Escudero resalt\u00f3 que la inversi\u00f3n en micr\u00f3fonos y la actualizaci\u00f3n de los cursos de la voz representan una inversi\u00f3n en salud y prevenci\u00f3n, lo que a largo plazo resulta m\u00e1s econ\u00f3mico que el tratamiento de las enfermedades vocales.<\/span><\/p>\n","protected":false},"excerpt":{"rendered":"<p>La diputada Roxana Escudero present\u00f3 dos proyectos de ley esta semana, enfocados en mejorar la calidad de vida de los adultos &#8230;<\/p>\n","protected":false},"author":7,"featured_media":145369,"comment_status":"open","ping_status":"open","sticky":false,"template":"","format":"standard","meta":{"footnotes":""},"categories":[10,43],"tags":[],"class_list":["post-145368","post","type-post","status-publish","format-standard","has-post-thumbnail","hentry","category-destacadas","category-legislatura"],"_links":{"self":[{"href":"https:\/\/vinasfm.com\/noticias\/wp-json\/wp\/v2\/posts\/145368","targetHints":{"allow":["GET"]}}],"collection":[{"href":"https:\/\/vinasfm.com\/noticias\/wp-json\/wp\/v2\/posts"}],"about":[{"href":"https:\/\/vinasfm.com\/noticias\/wp-json\/wp\/v2\/types\/post"}],"author":[{"embeddable":true,"href":"https:\/\/vinasfm.com\/noticias\/wp-json\/wp\/v2\/users\/7"}],"replies":[{"embeddable":true,"href":"https:\/\/vinasfm.com\/noticias\/wp-json\/wp\/v2\/comments?post=145368"}],"version-history":[{"count":2,"href":"https:\/\/vinasfm.com\/noticias\/wp-json\/wp\/v2\/posts\/145368\/revisions"}],"predecessor-version":[{"id":145371,"href":"https:\/\/vinasfm.com\/noticias\/wp-json\/wp\/v2\/posts\/145368\/revisions\/145371"}],"wp:featuredmedia":[{"embeddable":true,"href":"https:\/\/vinasfm.com\/noticias\/wp-json\/wp\/v2\/media\/145369"}],"wp:attachment":[{"href":"https:\/\/vinasfm.com\/noticias\/wp-json\/wp\/v2\/media?parent=145368"}],"wp:term":[{"taxonomy":"category","embeddable":true,"href":"https:\/\/vinasfm.com\/noticias\/wp-json\/wp\/v2\/categories?post=145368"},{"taxonomy":"post_tag","embeddable":true,"href":"https:\/\/vinasfm.com\/noticias\/wp-json\/wp\/v2\/tags?post=145368"}],"curies":[{"name":"wp","href":"https:\/\/api.w.org\/{rel}","templated":true}]}}