{"id":145362,"date":"2025-03-14T10:16:27","date_gmt":"2025-03-14T13:16:27","guid":{"rendered":"https:\/\/vinasfm.com\/noticias\/?p=145362"},"modified":"2025-03-15T11:36:20","modified_gmt":"2025-03-15T14:36:20","slug":"general-alvear-se-moviliza-un-camion-repleto-de-ayuda-parte-hacia-bahia-blanca","status":"publish","type":"post","link":"https:\/\/vinasfm.com\/noticias\/general-alvear-se-moviliza-un-camion-repleto-de-ayuda-parte-hacia-bahia-blanca\/","title":{"rendered":"GENERAL ALVEAR SE MOVILIZA: UN CAMI\u00d3N REPLETO DE AYUDA PARTE HACIA BAH\u00cdA BLANCA"},"content":{"rendered":"<h4 data-sourcepos=\"3:1-3:298\"><span style=\"color: #000000;\">En una muestra de solidaridad conmovedora, la comunidad alvearense respondi\u00f3 al llamado de ayuda para los damnificados de Bah\u00eda Blanca. En tan solo dos d\u00edas, se logr\u00f3 reunir un cami\u00f3n cargado de donaciones, que parti\u00f3 rumbo a Mendoza para luego ser trasladado a la ciudad bonaerense.<\/span><\/h4>\n<p data-sourcepos=\"5:1-5:311\"><span style=\"color: #000000;\"><em><strong>\u00abEstamos muy contentos, porque se ha logrado juntar en muy poco tiempo un cami\u00f3n lleno de mercader\u00eda\u00bb<\/strong><\/em>, expres\u00f3 <span style=\"color: #003366;\"><strong>Javier Velasco<\/strong><\/span>, <em>director de Defensa Civil de General Alvear<\/em>. <em><strong>\u00abNo queda m\u00e1s que estar agradecidos con toda la gente que colabor\u00f3, con todo el pueblo, porque sabemos que Alvear es muy solidario\u00bb.<\/strong><\/em><\/span><\/p>\n<p data-sourcepos=\"7:1-7:158\"><span style=\"color: #000000;\">La colecta, organizada por Defensa Civil de la Provincia en conjunto con la Cruz Roja y los Boy Scouts, recibi\u00f3 una amplia variedad de donaciones, incluyendo:<\/span><\/p>\n<ul data-sourcepos=\"9:1-16:0\">\n<li data-sourcepos=\"9:1-9:23\"><span style=\"color: #000000;\">Art\u00edculos de limpieza<\/span><\/li>\n<li data-sourcepos=\"10:1-10:11\"><span style=\"color: #000000;\">Colchones<\/span><\/li>\n<li data-sourcepos=\"11:1-11:12\"><span style=\"color: #000000;\">Mercader\u00eda<\/span><\/li>\n<li data-sourcepos=\"12:1-12:46\"><span style=\"color: #000000;\">Medicamentos (donados por farmacias locales)<\/span><\/li>\n<li data-sourcepos=\"13:1-13:9\"><span style=\"color: #000000;\">Pa\u00f1ales<\/span><\/li>\n<li data-sourcepos=\"14:1-14:26\"><span style=\"color: #000000;\">Alimentos no perecederos<\/span><\/li>\n<li data-sourcepos=\"15:1-16:0\"><span style=\"color: #000000;\">Ropa y calzado<\/span><\/li>\n<\/ul>\n<p><a href=\"https:\/\/vinasfm.com\/noticias\/wp-content\/uploads\/2025\/03\/IMG-20250314-WA0015.jpg\"><img loading=\"lazy\" decoding=\"async\" class=\"alignnone wp-image-145365\" src=\"https:\/\/vinasfm.com\/noticias\/wp-content\/uploads\/2025\/03\/IMG-20250314-WA0015-1024x682.jpg\" alt=\"\" width=\"350\" height=\"233\" srcset=\"https:\/\/vinasfm.com\/noticias\/wp-content\/uploads\/2025\/03\/IMG-20250314-WA0015-1024x682.jpg 1024w, https:\/\/vinasfm.com\/noticias\/wp-content\/uploads\/2025\/03\/IMG-20250314-WA0015-300x200.jpg 300w, https:\/\/vinasfm.com\/noticias\/wp-content\/uploads\/2025\/03\/IMG-20250314-WA0015-768x512.jpg 768w, https:\/\/vinasfm.com\/noticias\/wp-content\/uploads\/2025\/03\/IMG-20250314-WA0015-1536x1023.jpg 1536w, https:\/\/vinasfm.com\/noticias\/wp-content\/uploads\/2025\/03\/IMG-20250314-WA0015.jpg 1600w\" sizes=\"auto, (max-width: 350px) 100vw, 350px\" \/><\/a> <a href=\"https:\/\/vinasfm.com\/noticias\/wp-content\/uploads\/2025\/03\/IMG-20250314-WA0018.jpg\"><img loading=\"lazy\" decoding=\"async\" class=\"alignnone wp-image-145363\" src=\"https:\/\/vinasfm.com\/noticias\/wp-content\/uploads\/2025\/03\/IMG-20250314-WA0018-1024x682.jpg\" alt=\"\" width=\"350\" height=\"233\" srcset=\"https:\/\/vinasfm.com\/noticias\/wp-content\/uploads\/2025\/03\/IMG-20250314-WA0018-1024x682.jpg 1024w, https:\/\/vinasfm.com\/noticias\/wp-content\/uploads\/2025\/03\/IMG-20250314-WA0018-300x200.jpg 300w, https:\/\/vinasfm.com\/noticias\/wp-content\/uploads\/2025\/03\/IMG-20250314-WA0018-768x512.jpg 768w, https:\/\/vinasfm.com\/noticias\/wp-content\/uploads\/2025\/03\/IMG-20250314-WA0018-1536x1023.jpg 1536w, https:\/\/vinasfm.com\/noticias\/wp-content\/uploads\/2025\/03\/IMG-20250314-WA0018.jpg 1600w\" sizes=\"auto, (max-width: 350px) 100vw, 350px\" \/><\/a><\/p>\n<p data-sourcepos=\"17:1-17:207\"><span style=\"color: #000000;\">El cami\u00f3n parti\u00f3 hacia Mendoza, donde se sumar\u00e1 a la colecta de otros departamentos de la provincia. Desde la Universidad Maza, punto de encuentro de las donaciones, los camiones partir\u00e1n hacia Bah\u00eda Blanca.<\/span><\/p>\n<p data-sourcepos=\"19:1-19:379\"><span style=\"color: #000000;\"><em><strong>\u00abNosotros salimos hacia Mendoza, esta colecta la organiza Defensa Civil de la Provincia, conjuntamente con la Cruz Roja. Tambi\u00e9n viajan las donaciones de San Rafael, Malarg\u00fce y el resto de departamentos\u00bb,<\/strong><\/em> explic\u00f3 Velasco.<\/span><\/p>\n","protected":false},"excerpt":{"rendered":"<p>En una muestra de solidaridad conmovedora, la comunidad alvearense respondi\u00f3 al llamado de ayuda para los damnificados de Bah\u00eda Blanca. En &#8230;<\/p>\n","protected":false},"author":7,"featured_media":145366,"comment_status":"open","ping_status":"open","sticky":false,"template":"","format":"standard","meta":{"footnotes":""},"categories":[10,11],"tags":[],"class_list":["post-145362","post","type-post","status-publish","format-standard","has-post-thumbnail","hentry","category-destacadas","category-sociales"],"_links":{"self":[{"href":"https:\/\/vinasfm.com\/noticias\/wp-json\/wp\/v2\/posts\/145362","targetHints":{"allow":["GET"]}}],"collection":[{"href":"https:\/\/vinasfm.com\/noticias\/wp-json\/wp\/v2\/posts"}],"about":[{"href":"https:\/\/vinasfm.com\/noticias\/wp-json\/wp\/v2\/types\/post"}],"author":[{"embeddable":true,"href":"https:\/\/vinasfm.com\/noticias\/wp-json\/wp\/v2\/users\/7"}],"replies":[{"embeddable":true,"href":"https:\/\/vinasfm.com\/noticias\/wp-json\/wp\/v2\/comments?post=145362"}],"version-history":[{"count":2,"href":"https:\/\/vinasfm.com\/noticias\/wp-json\/wp\/v2\/posts\/145362\/revisions"}],"predecessor-version":[{"id":145378,"href":"https:\/\/vinasfm.com\/noticias\/wp-json\/wp\/v2\/posts\/145362\/revisions\/145378"}],"wp:featuredmedia":[{"embeddable":true,"href":"https:\/\/vinasfm.com\/noticias\/wp-json\/wp\/v2\/media\/145366"}],"wp:attachment":[{"href":"https:\/\/vinasfm.com\/noticias\/wp-json\/wp\/v2\/media?parent=145362"}],"wp:term":[{"taxonomy":"category","embeddable":true,"href":"https:\/\/vinasfm.com\/noticias\/wp-json\/wp\/v2\/categories?post=145362"},{"taxonomy":"post_tag","embeddable":true,"href":"https:\/\/vinasfm.com\/noticias\/wp-json\/wp\/v2\/tags?post=145362"}],"curies":[{"name":"wp","href":"https:\/\/api.w.org\/{rel}","templated":true}]}}