{"id":145359,"date":"2025-03-14T09:57:47","date_gmt":"2025-03-14T12:57:47","guid":{"rendered":"https:\/\/vinasfm.com\/noticias\/?p=145359"},"modified":"2025-03-15T10:28:13","modified_gmt":"2025-03-15T13:28:13","slug":"comenzo-la-campana-de-vacunacion-contra-la-aftosa-y-brucelosis-en-mendoza","status":"publish","type":"post","link":"https:\/\/vinasfm.com\/noticias\/comenzo-la-campana-de-vacunacion-contra-la-aftosa-y-brucelosis-en-mendoza\/","title":{"rendered":"COMENZ\u00d3 LA CAMPA\u00d1A DE VACUNACI\u00d3N CONTRA LA AFTOSA Y BRUCELOSIS EN MENDOZA"},"content":{"rendered":"<h4 data-sourcepos=\"3:1-3:300\"><span style=\"color: #000000;\">Carlos Iriarte, presidente de COPROSAMEN, anunci\u00f3 el inicio de la campa\u00f1a de vacunaci\u00f3n contra la fiebre aftosa y la brucelosis en la provincia de Mendoza. Este a\u00f1o, la campa\u00f1a comenz\u00f3 un mes m\u00e1s tarde de lo habitual, siguiendo una disposici\u00f3n del SENASA para unificar el cronograma a nivel nacional.<\/span><\/h4>\n<p data-sourcepos=\"7:1-7:222\"><span style=\"color: #000000;\">En Mendoza, la vacunaci\u00f3n se realiza con la presencia de veterinarios en cada campo, una modalidad adoptada desde la decada de 1990 para asegurar la participaci\u00f3n de profesionales y brindar extensi\u00f3n en temas de manejo ganadero.<\/span><\/p>\n<p data-sourcepos=\"9:1-9:52\"><span style=\"color: #000000;\">Los productores tienen dos opciones de financiaci\u00f3n:<\/span><\/p>\n<ul data-sourcepos=\"11:1-13:0\">\n<li data-sourcepos=\"11:1-11:100\"><span style=\"color: #000000;\"><strong>Pago al contado<\/strong>: 50% al momento de la vacunaci\u00f3n y 50% a 30 d\u00edas, con un valor de 3.300 pesos.<\/span><\/li>\n<li data-sourcepos=\"12:1-13:0\"><span style=\"color: #000000;\"><strong>Pago financiado<\/strong>: En cinco cuotas, con un anticipo y cuatro cuotas a 120 d\u00edas, con un valor de 3.550 pesos.<\/span><\/li>\n<\/ul>\n<p data-sourcepos=\"14:1-14:297\"><span style=\"color: #000000;\">Iriarte destac\u00f3 que <em><strong>\u00ablos precios se mantienen alineados con el resto del pa\u00eds, gracias a ahorros realizados por la fundaci\u00f3n\u00bb<\/strong><\/em>. Adem\u00e1s, inform\u00f3 que, <strong><em>\u00aba pesar del aumento en el costo de las dosis por parte del laboratorio, COPROSAMEN absorber\u00e1 ese incremento durante los primeros 90 d\u00edas de la campa\u00f1a\u00bb.<\/em><\/strong><\/span><\/p>\n<h2 data-sourcepos=\"16:1-16:45\"><span style=\"color: #000000;\"><strong>Cuestionario productivo y otros programas<\/strong><\/span><\/h2>\n<p data-sourcepos=\"18:1-18:272\"><span style=\"color: #000000;\">Paralelamente a la vacunaci\u00f3n, se llevar\u00e1 a cabo un cuestionario productivo en colaboraci\u00f3n con el Cl\u00faster Ganadero. <strong>Este cuestionario tiene como objetivo recopilar informaci\u00f3n sobre las necesidades del sector y no est\u00e1 relacionado con la FIP (Fondo de Inversi\u00f3n P\u00fablica).<\/strong><\/span><\/p>\n<p data-sourcepos=\"20:1-20:146\"><span style=\"color: #000000;\">En cuanto a otros programas, el Plan Toro contin\u00faa vigente durante todo el a\u00f1o, mientras que no hay novedades sobre la reactivaci\u00f3n del Plan Vaca.<\/span><\/p>\n<p data-sourcepos=\"24:1-24:241\"><span style=\"color: #000000;\">Iriarte destac\u00f3 el avance en la producci\u00f3n de forraje en zonas como San Rafael, donde se est\u00e1n utilizando tierras antes destinadas a cultivos anuales. Sin embargo, se\u00f1al\u00f3 que a\u00fan falta para alcanzar el autoabastecimiento de carne en Mendoza.<\/span><\/p>\n<p data-sourcepos=\"26:1-26:222\"><span style=\"color: #000000;\">Finalmente, el presidente de COPROSAMEN<strong> resalt\u00f3 la importancia de la capacitaci\u00f3n continua y el trabajo conjunto entre productores, profesionales y entidades del sector para impulsar el desarrollo ganadero en la provincia.<\/strong><\/span><\/p>\n","protected":false},"excerpt":{"rendered":"<p>Carlos Iriarte, presidente de COPROSAMEN, anunci\u00f3 el inicio de la campa\u00f1a de vacunaci\u00f3n contra la fiebre aftosa y la brucelosis en &#8230;<\/p>\n","protected":false},"author":7,"featured_media":138108,"comment_status":"open","ping_status":"open","sticky":false,"template":"","format":"standard","meta":{"footnotes":""},"categories":[14,10],"tags":[],"class_list":["post-145359","post","type-post","status-publish","format-standard","has-post-thumbnail","hentry","category-agro","category-destacadas"],"_links":{"self":[{"href":"https:\/\/vinasfm.com\/noticias\/wp-json\/wp\/v2\/posts\/145359","targetHints":{"allow":["GET"]}}],"collection":[{"href":"https:\/\/vinasfm.com\/noticias\/wp-json\/wp\/v2\/posts"}],"about":[{"href":"https:\/\/vinasfm.com\/noticias\/wp-json\/wp\/v2\/types\/post"}],"author":[{"embeddable":true,"href":"https:\/\/vinasfm.com\/noticias\/wp-json\/wp\/v2\/users\/7"}],"replies":[{"embeddable":true,"href":"https:\/\/vinasfm.com\/noticias\/wp-json\/wp\/v2\/comments?post=145359"}],"version-history":[{"count":1,"href":"https:\/\/vinasfm.com\/noticias\/wp-json\/wp\/v2\/posts\/145359\/revisions"}],"predecessor-version":[{"id":145360,"href":"https:\/\/vinasfm.com\/noticias\/wp-json\/wp\/v2\/posts\/145359\/revisions\/145360"}],"wp:featuredmedia":[{"embeddable":true,"href":"https:\/\/vinasfm.com\/noticias\/wp-json\/wp\/v2\/media\/138108"}],"wp:attachment":[{"href":"https:\/\/vinasfm.com\/noticias\/wp-json\/wp\/v2\/media?parent=145359"}],"wp:term":[{"taxonomy":"category","embeddable":true,"href":"https:\/\/vinasfm.com\/noticias\/wp-json\/wp\/v2\/categories?post=145359"},{"taxonomy":"post_tag","embeddable":true,"href":"https:\/\/vinasfm.com\/noticias\/wp-json\/wp\/v2\/tags?post=145359"}],"curies":[{"name":"wp","href":"https:\/\/api.w.org\/{rel}","templated":true}]}}