{"id":145351,"date":"2025-03-14T09:25:08","date_gmt":"2025-03-14T12:25:08","guid":{"rendered":"https:\/\/vinasfm.com\/noticias\/?p=145351"},"modified":"2025-03-15T10:29:05","modified_gmt":"2025-03-15T13:29:05","slug":"alumnos-de-escuela-4-171-hilda-mabel-coria-elaboran-vino-y-conservas-como-parte-de-su-formacion","status":"publish","type":"post","link":"https:\/\/vinasfm.com\/noticias\/alumnos-de-escuela-4-171-hilda-mabel-coria-elaboran-vino-y-conservas-como-parte-de-su-formacion\/","title":{"rendered":"ALUMNOS DE ESCUELA 4-171 HILDA MABEL CORIA ELABORAN VINO Y CONSERVAS COMO PARTE DE SU FORMACI\u00d3N"},"content":{"rendered":"<h4 data-sourcepos=\"3:1-3:240\"><span style=\"color: #000000;\">Los alumnos de 6\u00b0 a\u00f1o de la ETA de Carmensa est\u00e1n llevando a cabo tareas de elaboraci\u00f3n de vino y conservas, poniendo en pr\u00e1ctica sus conocimientos y aprendiendo sobre los procesos productivos de la regi\u00f3n.<\/span><\/h4>\n<p data-sourcepos=\"5:1-5:287\"><span style=\"color: #000000;\"><span style=\"color: #003366;\"><strong>Mar\u00eda del Carmen Silva<\/strong><\/span>, <em>directora del establecimiento<\/em>, explic\u00f3 en di\u00e1logo con <span style=\"color: #800080;\"><strong>FM VI\u00d1AS <\/strong><\/span>que esta actividad forma parte de la formaci\u00f3n integral de los estudiantes, quienes aprenden desde la molienda de la uva hasta la elaboraci\u00f3n de conservas de tomate, durazno y otros productos.<\/span><\/p>\n<p data-sourcepos=\"7:1-7:228\"><span style=\"color: #000000;\"><em><strong>\u00abEs continuar a veces con las tradiciones familiares y desterrar algunos vicios que pueden haber en las cuestiones dom\u00e9sticas, teniendo en cuenta todo el sistema bromatol\u00f3gico y las medidas de seguridad e higiene\u00bb<\/strong><\/em>, se\u00f1al\u00f3 Silva.<\/span><\/p>\n<p data-sourcepos=\"7:1-7:228\"><img loading=\"lazy\" decoding=\"async\" class=\"\" src=\"https:\/\/scontent.fmdz4-1.fna.fbcdn.net\/v\/t39.30808-6\/480267485_3969569833290918_6804627424669517029_n.jpg?_nc_cat=102&amp;ccb=1-7&amp;_nc_sid=833d8c&amp;_nc_eui2=AeHU6iYGyTfyg-6BZJyP623YKRTKDMTr4GgpFMoMxOvgaKvIxTR9czGK8nZUP0w1FzLb0ZD0IZWEe4i74boyFXn7&amp;_nc_ohc=NHaV0nTnO54Q7kNvgHCyhE5&amp;_nc_oc=Adh58HMloMjn_f6dNJK5EUYgQhwUSywos8yaQmVnH6SUTEkpysERLZ9U45kjv_Curb0&amp;_nc_zt=23&amp;_nc_ht=scontent.fmdz4-1.fna&amp;_nc_gid=AQlFXNeBaKG3nk_RDZ2VHKc&amp;oh=00_AYHowZHCFZknT8NM3_MNhYAVAsFv7OXHJbTVC5pyG93LWw&amp;oe=67D9F703\" alt=\"Puede ser una imagen de 1 persona\" width=\"282\" height=\"386\" \/> <img loading=\"lazy\" decoding=\"async\" class=\"\" src=\"https:\/\/scontent.fmdz4-1.fna.fbcdn.net\/v\/t39.30808-6\/480147671_3969569876624247_3507989902478645461_n.jpg?_nc_cat=108&amp;ccb=1-7&amp;_nc_sid=833d8c&amp;_nc_eui2=AeEpHotsf3YZSTWH6LZ5SYv_LpTSdv4agnoulNJ2_hqCegPiU2XNV7X5Q7m31QARr3GrUYL4NFOe0ge8uj04fRUn&amp;_nc_ohc=kN7x-AdKkXoQ7kNvgEuG7iE&amp;_nc_oc=AdhRR3nR9lAnqALa-x4H8bqPyO7pyMzfQHjF4pG8Mi82fN7J69S7Ym2IhJqRdDtSRac&amp;_nc_zt=23&amp;_nc_ht=scontent.fmdz4-1.fna&amp;_nc_gid=AicSM6CxRYj5MEkyb2iX11T&amp;oh=00_AYFCg1nfMQBLkCZnObxnxUXdxpzl-_U3yU0kCsFiUx-ahQ&amp;oe=67DA085E\" alt=\"No hay ninguna descripci\u00f3n de la foto disponible.\" width=\"265\" height=\"386\" \/><\/p>\n<p data-sourcepos=\"7:1-7:228\">\n<p data-sourcepos=\"9:1-9:287\"><span style=\"color: #000000;\">La escuela <strong>cuenta con vi\u00f1edos propios, pero tambi\u00e9n adquiere materia prima de productores locales<\/strong>, con quienes establecen acuerdos de colaboraci\u00f3n. <strong><em>\u00abVamos comprando lo que se puede y generalmente tambi\u00e9n hay colaboraci\u00f3n de los productores o un precio diferenciado\u00bb<\/em><\/strong>, indic\u00f3 la directora.<\/span><\/p>\n<p data-sourcepos=\"11:1-11:239\"><span style=\"color: #000000;\">Adem\u00e1s de la elaboraci\u00f3n de vino y conservas, los alumnos tambi\u00e9n<strong> aprenden sobre la producci\u00f3n de escabeches, embutidos y otros productos derivados de animales, abarcando tanto la parte vegetal como la animal de la producci\u00f3n agropecuaria.<\/strong><\/span><\/p>\n<p data-sourcepos=\"11:1-11:239\"><a href=\"https:\/\/vinasfm.com\/noticias\/wp-content\/uploads\/2025\/03\/FB_IMG_17419549618842.jpg\"><img loading=\"lazy\" decoding=\"async\" class=\"alignnone wp-image-145353\" src=\"https:\/\/vinasfm.com\/noticias\/wp-content\/uploads\/2025\/03\/FB_IMG_17419549618842.jpg\" alt=\"\" width=\"350\" height=\"245\" srcset=\"https:\/\/vinasfm.com\/noticias\/wp-content\/uploads\/2025\/03\/FB_IMG_17419549618842.jpg 504w, https:\/\/vinasfm.com\/noticias\/wp-content\/uploads\/2025\/03\/FB_IMG_17419549618842-300x210.jpg 300w\" sizes=\"auto, (max-width: 350px) 100vw, 350px\" \/><\/a> <a href=\"https:\/\/vinasfm.com\/noticias\/wp-content\/uploads\/2025\/03\/FB_IMG_17419549582012.jpg\"><img loading=\"lazy\" decoding=\"async\" class=\"alignnone wp-image-145354\" src=\"https:\/\/vinasfm.com\/noticias\/wp-content\/uploads\/2025\/03\/FB_IMG_17419549582012.jpg\" alt=\"\" width=\"379\" height=\"245\" srcset=\"https:\/\/vinasfm.com\/noticias\/wp-content\/uploads\/2025\/03\/FB_IMG_17419549582012.jpg 560w, https:\/\/vinasfm.com\/noticias\/wp-content\/uploads\/2025\/03\/FB_IMG_17419549582012-300x194.jpg 300w\" sizes=\"auto, (max-width: 379px) 100vw, 379px\" \/><\/a><\/p>\n<p data-sourcepos=\"13:1-13:205\"><span style=\"color: #000000;\"><strong><em>\u00abTodos los d\u00edas los chicos est\u00e1n elaborando alg\u00fan producto\u00bb<\/em><\/strong>, destac\u00f3 Silva, resaltando la importancia de estas pr\u00e1cticas para la formaci\u00f3n de los futuros profesionales del sector agropecuario en la regi\u00f3n.<\/span><\/p>\n<p data-sourcepos=\"13:1-13:205\">\n<p data-sourcepos=\"13:1-13:205\"><span style=\"color: #000000;\">La Esc. 4-171 Hilda Mabel Coria ha logrado destacarse en los \u00faltimos a\u00f1os, participando en importantes concursos como lo son la Jura Paralela en el marco de la Fiesta Nacional de la Ganader\u00eda. Adem\u00e1s, en el a\u00f1o 2024, el Honorable Concejo Deliberante declar\u00f3 de Inter\u00e9s Departamental la Muestra Agro de la instituci\u00f3n.\u00a0<\/span><\/p>\n","protected":false},"excerpt":{"rendered":"<p>Los alumnos de 6\u00b0 a\u00f1o de la ETA de Carmensa est\u00e1n llevando a cabo tareas de elaboraci\u00f3n de vino y conservas, &#8230;<\/p>\n","protected":false},"author":7,"featured_media":145352,"comment_status":"open","ping_status":"open","sticky":false,"template":"","format":"standard","meta":{"footnotes":""},"categories":[10,18],"tags":[],"class_list":["post-145351","post","type-post","status-publish","format-standard","has-post-thumbnail","hentry","category-destacadas","category-educacion"],"_links":{"self":[{"href":"https:\/\/vinasfm.com\/noticias\/wp-json\/wp\/v2\/posts\/145351","targetHints":{"allow":["GET"]}}],"collection":[{"href":"https:\/\/vinasfm.com\/noticias\/wp-json\/wp\/v2\/posts"}],"about":[{"href":"https:\/\/vinasfm.com\/noticias\/wp-json\/wp\/v2\/types\/post"}],"author":[{"embeddable":true,"href":"https:\/\/vinasfm.com\/noticias\/wp-json\/wp\/v2\/users\/7"}],"replies":[{"embeddable":true,"href":"https:\/\/vinasfm.com\/noticias\/wp-json\/wp\/v2\/comments?post=145351"}],"version-history":[{"count":1,"href":"https:\/\/vinasfm.com\/noticias\/wp-json\/wp\/v2\/posts\/145351\/revisions"}],"predecessor-version":[{"id":145355,"href":"https:\/\/vinasfm.com\/noticias\/wp-json\/wp\/v2\/posts\/145351\/revisions\/145355"}],"wp:featuredmedia":[{"embeddable":true,"href":"https:\/\/vinasfm.com\/noticias\/wp-json\/wp\/v2\/media\/145352"}],"wp:attachment":[{"href":"https:\/\/vinasfm.com\/noticias\/wp-json\/wp\/v2\/media?parent=145351"}],"wp:term":[{"taxonomy":"category","embeddable":true,"href":"https:\/\/vinasfm.com\/noticias\/wp-json\/wp\/v2\/categories?post=145351"},{"taxonomy":"post_tag","embeddable":true,"href":"https:\/\/vinasfm.com\/noticias\/wp-json\/wp\/v2\/tags?post=145351"}],"curies":[{"name":"wp","href":"https:\/\/api.w.org\/{rel}","templated":true}]}}