{"id":145323,"date":"2025-03-13T09:48:56","date_gmt":"2025-03-13T12:48:56","guid":{"rendered":"https:\/\/vinasfm.com\/noticias\/?p=145323"},"modified":"2025-03-14T10:00:25","modified_gmt":"2025-03-14T13:00:25","slug":"rto-digital-los-cambios-del-gobierno-nacional-y-el-impacto-que-tendran-en-mendoza","status":"publish","type":"post","link":"https:\/\/vinasfm.com\/noticias\/rto-digital-los-cambios-del-gobierno-nacional-y-el-impacto-que-tendran-en-mendoza\/","title":{"rendered":"RTO DIGITAL: LOS CAMBIOS DEL GOBIERNO NACIONAL Y EL IMPACTO QUE TENDR\u00c1N EN MENDOZA"},"content":{"rendered":"<h4>Desde los talleres provinciales de Revisi\u00f3n T\u00e9cnica Obligatoria explicaron que la oblea tradicional \u201cest\u00e1 llegando a su fin\u201d y que los cambios evitar\u00edan \u201cconflictos en los controles\u201d.<\/h4>\n<p>El<strong>\u00a0Gobierno nacional<\/strong>\u00a0impuls\u00f3 cambios en la\u00a0<strong>Revisi\u00f3n T\u00e9cnica Obligatoria<\/strong>\u00a0(RTO) y decidi\u00f3 centrarse en dos ejes:<strong>\u00a0habilitar nuevas dependencias en talleres<\/strong>\u00a0particulares, en las que entrar\u00edan tambi\u00e9n las\u00a0<strong>concesionarios oficiales<\/strong>, y crear un\u00a0<em>\u201csistema digital\u201d<\/em>\u00a0para su control. Sin embargo, en\u00a0<strong>Mendoza<\/strong>\u00a0rige una norma que\u00a0<strong>proh\u00edbe\u00a0<\/strong>uno de los pasos y hace tiempo se vienen trabajando en la<em>\u00a0\u201celiminaci\u00f3n de las obleas tradicionales\u201d<\/em>.<\/p>\n<p>Otra de las medidas esperadas por los automovilistas es la oficializaci\u00f3n de la modificaci\u00f3n en los\u00a0<strong>plazos<\/strong>\u00a0de la\u00a0<strong>RTO.<\/strong>\u00a0Los autos particulares nuevos, seg\u00fan anunci\u00f3 Naci\u00f3n, tendr\u00e1n que hacer la primera verificaci\u00f3n a\u00a0<strong>partir del quinto a\u00f1o\u00a0<\/strong>desde el alta como\u00a0<strong>OKM\u00a0<\/strong>y los veh\u00edculos con\u00a0<strong>m\u00e1s de diez a\u00f1os\u00a0<\/strong>un chequeo mec\u00e1nico cada dos a\u00f1os.<\/p>\n<ul class=\"wp-block-list\">\n<li><strong>Autos particulares OKM<\/strong>: la RTO se deber\u00e1 realizar por primera vez a partir de los cinco a\u00f1os desde la fecha de patentamiento.<\/li>\n<li><strong>Autos de m\u00e1s de 10 a\u00f1os de antig\u00fcedad<\/strong>: la RTO se deber\u00e1 realizar cada dos a\u00f1os en veh\u00edculos particulares.<\/li>\n<li><strong>Autos de uso comercial<\/strong>: el primer control t\u00e9cnico deber\u00e1 hacerse de acuerdo a lo que establezca cada jurisdicci\u00f3n, pero nunca ese plazo podr\u00e1 ser superior a un a\u00f1o.<\/li>\n<\/ul>\n<p>Ante este panorama,\u00a0<strong>Fabricio Belardinelli<\/strong>, presidente de la c\u00e1mara mendocina de la\u00a0<strong>RTO<\/strong>, advirti\u00f3 que en la provincia existe una norma vigente en la que\u00a0<em>\u201cno se pueden abrir m\u00e1s talleres\u201d<\/em>. La explicaci\u00f3n del sector empresarial apunta a que ya hay\u00a0<em>\u201cdemasiadas\u201d<\/em>\u00a0plantas oficiales, como para que se sigan sumando.<\/p>\n<aside class=\"scaip scaip-1    \"><\/aside>\n<p><em>\u201cNo creo que haya m\u00e1s personas que se quieran involucrar en el negocio, sobre todo, porque el territorio provincial est\u00e1 repleto. Por ahora son todas especulaciones y nada concreto\u201d<\/em>, describi\u00f3\u00a0<strong>Belardinelli<\/strong>\u00a0al explicar el contexto local.<\/p>\n<p>En cuanto a los a\u00f1os del rodado y la modificaci\u00f3n de los plazos, el titular del sector explic\u00f3 que el\u00a0<strong>veh\u00edculo tiene un desgaste por el estado de las calles\u00a0<\/strong>y\u00a0<strong>rutas<\/strong>. Por este motivo\u00a0<em>\u201c<strong>no estamos en condiciones de extender los plazos<\/strong>\u201d<\/em>.<\/p>\n<p><img decoding=\"async\" src=\"https:\/\/i0.wp.com\/www.elsol.com.ar\/wp-content\/uploads\/2025\/03\/Taller-Arreglo-de-autos-para-RTO-7.jpg?resize=780%2C520&amp;ssl=1\" \/><\/p>\n<p>Lejos de s\u00f3lo tratarse de una expansi\u00f3n en la apertura de los talleres oficiales, la medida tambi\u00e9n implica que se reglamenten cuestiones como la\u00a0<strong>capacitaci\u00f3n de los profesionales que inspeccionen los veh\u00edculos<\/strong>\u00a0y el tipo de\u00a0<strong>equipamiento t\u00e9cnico<\/strong>\u00a0requerido en sus dependencias particulares.<\/p>\n<aside class=\"scaip scaip-2    \"><\/aside>\n<p><em>\u201cHasta que eso no se haga oficial y quede expuesto en el Bolet\u00edn Oficial, no lo podemos empezar a trabajar e implementar nosotros\u201d<\/em>, se\u00f1al\u00f3\u00a0<strong>Belardinelli\u00a0<\/strong>en di\u00e1logo con\u00a0<em>El Sol<\/em>.<\/p>\n<h2 id=\"h-el-fin-de-la-oblea\" class=\"wp-block-heading\">El fin de la oblea<\/h2>\n<p>Con el objetivo de erradicar la oblea que expone la vigencia de la\u00a0<strong>Revisi\u00f3n T\u00e9cnica Obligatoria<\/strong>, la gesti\u00f3n de Javier Milei busca crear un sistema que\u00a0<strong>registre todos los tr\u00e1mites<\/strong>\u00a0y, de esa forma, pueda\u00a0<strong>conectar los centros del pa\u00eds<\/strong>. Es aqu\u00ed donde se podr\u00eda tener un registro de las\u00a0<strong>unidades que hayan sido verificadas<\/strong>\u00a0y se pueda ir\u00a0<strong>eliminando<\/strong>\u00a0la\u00a0<em>\u201ccalcoman\u00eda\u201d<\/em>\u00a0que se coloca en el parabrisas de los veh\u00edculos.<\/p>\n<p><img decoding=\"async\" src=\"https:\/\/i0.wp.com\/www.elsol.com.ar\/wp-content\/uploads\/2025\/03\/rto_2023.jpg?resize=780%2C462&amp;ssl=1\" \/><\/p>\n<p>Desde diversos talleres de<strong>\u00a0RTO<\/strong>\u00a0en la provincia aseguraron que, en caso de que se publique en el Bolet\u00edn Oficial, ser\u00e1 una medida<em>\u00a0\u201cpositiva\u201d<\/em>\u00a0en varios aspectos. Incluso, encargados del sector advirtieron que la implementaci\u00f3n digital\u00a0<em>\u201cevitar\u00eda conflictos\u201d<\/em>\u00a0a la hora de los controles y en la percepci\u00f3n de los oficiales.<\/p>\n<aside class=\"scaip scaip-3    \"><\/aside>\n<p><em>\u201cCuando hay un control policial, es posible que el veh\u00edculo presente muchas obleas pegadas, lo que puede generar confusi\u00f3n\u201d<\/em>, detallaron.<\/p>\n<p>Los especialistas tambi\u00e9n dejaron en claro que lo importante no es la\u00a0<em>\u201ctradicional oblea\u201d<\/em>, sino el\u00a0<strong>certificado\u00a0<\/strong>que se le entrega cuando se la realiza la operaci\u00f3n en los talleres. De hecho, los trabajadores expusieron que en caso de que se\u00a0<strong>rompa el parabrisas<\/strong>, la\u00a0<strong>oblea<\/strong>\u00a0<em>\u201ces \u00fanica y no se repone\u201d<\/em>.<\/p>\n","protected":false},"excerpt":{"rendered":"<p>Desde los talleres provinciales de Revisi\u00f3n T\u00e9cnica Obligatoria explicaron que la oblea tradicional \u201cest\u00e1 llegando a su fin\u201d y que los &#8230;<\/p>\n","protected":false},"author":7,"featured_media":130573,"comment_status":"open","ping_status":"open","sticky":false,"template":"","format":"standard","meta":{"footnotes":""},"categories":[5,10],"tags":[],"class_list":["post-145323","post","type-post","status-publish","format-standard","has-post-thumbnail","hentry","category-actualidad","category-destacadas"],"_links":{"self":[{"href":"https:\/\/vinasfm.com\/noticias\/wp-json\/wp\/v2\/posts\/145323","targetHints":{"allow":["GET"]}}],"collection":[{"href":"https:\/\/vinasfm.com\/noticias\/wp-json\/wp\/v2\/posts"}],"about":[{"href":"https:\/\/vinasfm.com\/noticias\/wp-json\/wp\/v2\/types\/post"}],"author":[{"embeddable":true,"href":"https:\/\/vinasfm.com\/noticias\/wp-json\/wp\/v2\/users\/7"}],"replies":[{"embeddable":true,"href":"https:\/\/vinasfm.com\/noticias\/wp-json\/wp\/v2\/comments?post=145323"}],"version-history":[{"count":1,"href":"https:\/\/vinasfm.com\/noticias\/wp-json\/wp\/v2\/posts\/145323\/revisions"}],"predecessor-version":[{"id":145324,"href":"https:\/\/vinasfm.com\/noticias\/wp-json\/wp\/v2\/posts\/145323\/revisions\/145324"}],"wp:featuredmedia":[{"embeddable":true,"href":"https:\/\/vinasfm.com\/noticias\/wp-json\/wp\/v2\/media\/130573"}],"wp:attachment":[{"href":"https:\/\/vinasfm.com\/noticias\/wp-json\/wp\/v2\/media?parent=145323"}],"wp:term":[{"taxonomy":"category","embeddable":true,"href":"https:\/\/vinasfm.com\/noticias\/wp-json\/wp\/v2\/categories?post=145323"},{"taxonomy":"post_tag","embeddable":true,"href":"https:\/\/vinasfm.com\/noticias\/wp-json\/wp\/v2\/tags?post=145323"}],"curies":[{"name":"wp","href":"https:\/\/api.w.org\/{rel}","templated":true}]}}