{"id":145309,"date":"2025-03-13T08:27:15","date_gmt":"2025-03-13T11:27:15","guid":{"rendered":"https:\/\/vinasfm.com\/noticias\/?p=145309"},"modified":"2025-03-13T12:06:18","modified_gmt":"2025-03-13T15:06:18","slug":"organismos-de-derechos-humanos-de-general-alvear-repudiaron-la-represion-en-buenos-aires-y-exigen-el-cese-de-la-violencia","status":"publish","type":"post","link":"https:\/\/vinasfm.com\/noticias\/organismos-de-derechos-humanos-de-general-alvear-repudiaron-la-represion-en-buenos-aires-y-exigen-el-cese-de-la-violencia\/","title":{"rendered":"ORGANISMOS DE DERECHOS HUMANOS DE GENERAL ALVEAR REPUDIARON LA REPRESI\u00d3N EN BUENOS AIRES Y EXIGEN EL CESE DE LA VIOLENCIA"},"content":{"rendered":"<h4><span style=\"color: #000000;\">En un reciente comunicado, rechazaron en\u00e9rgicamente la represi\u00f3n ocurrida durante la movilizaci\u00f3n de jubilados y ciudadanos que los acompa\u00f1aron en la movilizaci\u00f3n que tuvo lugar el d\u00eda mi\u00e9rcoles en la Ciudad de Buenos Aires.<\/span><\/h4>\n<p><span style=\"color: #000000;\">En el comunicado, los organismos responsabilizan al <em>Gobierno de la Ciudad Aut\u00f3noma de Buenos Aires<\/em>, liderado por <span style=\"color: #003366;\"><strong>Jorge Macri<\/strong><\/span>, al <em>Gobierno Nacional de<\/em> <span style=\"color: #003366;\"><strong>Javier Milei<\/strong><\/span> y a <em>la ministra de Seguridad de la Naci\u00f3n<\/em>, <span style=\"color: #003366;\"><strong>Patricia Bullrich<\/strong><\/span>, por la violencia ejercida contra los manifestantes.<\/span><\/p>\n<p><span style=\"color: #000000;\"><em><strong>\u00abRepudiamos firmemente la represi\u00f3n hacia nuestros jubilados y jubiladas y a todos los ciudadanos que acompa\u00f1aron la movilizaci\u00f3n este mi\u00e9rcoles en la Ciudad de Buenos Aires\u00bb<\/strong><\/em>, expresaron los defensores de los derechos humanos.<\/span><\/p>\n<p><span style=\"color: #000000;\">Adem\u00e1s, exigieron el cese inmediato de la represi\u00f3n y que el Estado Nacional responda a las demandas de la movilizaci\u00f3n social, enfoc\u00e1ndose en la recuperaci\u00f3n del poder adquisitivo para garantizar la dignidad del pueblo.<\/span><\/p>\n<p><span style=\"color: #000000;\">En un contexto cercano al 49\u00ba aniversario del Golpe C\u00edvico Militar y Eclesi\u00e1stico, <strong>los organismos concluyeron el comunicado con la emblem\u00e1tica frase \u00abNunca M\u00e1s\u00bb, reafirmando su compromiso con la defensa de los derechos humanos y la memoria hist\u00f3rica.<\/strong><\/span><\/p>\n<h2><span style=\"color: #000000;\">El comunicado<\/span><\/h2>\n<p><a href=\"https:\/\/vinasfm.com\/noticias\/wp-content\/uploads\/2025\/03\/IMG-20250313-WA0004.jpg\"><img loading=\"lazy\" decoding=\"async\" class=\"alignnone wp-image-145308\" src=\"https:\/\/vinasfm.com\/noticias\/wp-content\/uploads\/2025\/03\/IMG-20250313-WA0004-576x1024.jpg\" alt=\"\" width=\"700\" height=\"1244\" srcset=\"https:\/\/vinasfm.com\/noticias\/wp-content\/uploads\/2025\/03\/IMG-20250313-WA0004-576x1024.jpg 576w, https:\/\/vinasfm.com\/noticias\/wp-content\/uploads\/2025\/03\/IMG-20250313-WA0004-169x300.jpg 169w, https:\/\/vinasfm.com\/noticias\/wp-content\/uploads\/2025\/03\/IMG-20250313-WA0004.jpg 720w\" sizes=\"auto, (max-width: 700px) 100vw, 700px\" \/><\/a><\/p>\n","protected":false},"excerpt":{"rendered":"<p>En un reciente comunicado, rechazaron en\u00e9rgicamente la represi\u00f3n ocurrida durante la movilizaci\u00f3n de jubilados y ciudadanos que los acompa\u00f1aron en la &#8230;<\/p>\n","protected":false},"author":7,"featured_media":145311,"comment_status":"open","ping_status":"open","sticky":false,"template":"","format":"standard","meta":{"footnotes":""},"categories":[10,11],"tags":[],"class_list":["post-145309","post","type-post","status-publish","format-standard","has-post-thumbnail","hentry","category-destacadas","category-sociales"],"_links":{"self":[{"href":"https:\/\/vinasfm.com\/noticias\/wp-json\/wp\/v2\/posts\/145309","targetHints":{"allow":["GET"]}}],"collection":[{"href":"https:\/\/vinasfm.com\/noticias\/wp-json\/wp\/v2\/posts"}],"about":[{"href":"https:\/\/vinasfm.com\/noticias\/wp-json\/wp\/v2\/types\/post"}],"author":[{"embeddable":true,"href":"https:\/\/vinasfm.com\/noticias\/wp-json\/wp\/v2\/users\/7"}],"replies":[{"embeddable":true,"href":"https:\/\/vinasfm.com\/noticias\/wp-json\/wp\/v2\/comments?post=145309"}],"version-history":[{"count":4,"href":"https:\/\/vinasfm.com\/noticias\/wp-json\/wp\/v2\/posts\/145309\/revisions"}],"predecessor-version":[{"id":145314,"href":"https:\/\/vinasfm.com\/noticias\/wp-json\/wp\/v2\/posts\/145309\/revisions\/145314"}],"wp:featuredmedia":[{"embeddable":true,"href":"https:\/\/vinasfm.com\/noticias\/wp-json\/wp\/v2\/media\/145311"}],"wp:attachment":[{"href":"https:\/\/vinasfm.com\/noticias\/wp-json\/wp\/v2\/media?parent=145309"}],"wp:term":[{"taxonomy":"category","embeddable":true,"href":"https:\/\/vinasfm.com\/noticias\/wp-json\/wp\/v2\/categories?post=145309"},{"taxonomy":"post_tag","embeddable":true,"href":"https:\/\/vinasfm.com\/noticias\/wp-json\/wp\/v2\/tags?post=145309"}],"curies":[{"name":"wp","href":"https:\/\/api.w.org\/{rel}","templated":true}]}}