{"id":145299,"date":"2025-03-12T23:02:01","date_gmt":"2025-03-13T02:02:01","guid":{"rendered":"https:\/\/vinasfm.com\/noticias\/?p=145299"},"modified":"2025-03-13T10:28:57","modified_gmt":"2025-03-13T13:28:57","slug":"construyo-mi-casa-programa-de-apoyo-para-la-adquisicion-de-viviendas","status":"publish","type":"post","link":"https:\/\/vinasfm.com\/noticias\/construyo-mi-casa-programa-de-apoyo-para-la-adquisicion-de-viviendas\/","title":{"rendered":"CONSTRUYO MI CASA: PROGRAMA DE APOYO PARA LA ADQUISICI\u00d3N DE VIVIENDAS"},"content":{"rendered":"<h4><strong>Construyo mi Casa<\/strong>\u00a0es un plan que utiliza el sistema de ahorro previo, seg\u00fan el cual el interesado aporta el 15% del valor de la vivienda \u2500durante el per\u00edodo de ahorro o en los llamados a licitaci\u00f3n\u2500 y el IPV integra el 85% restante mediante desembolsos conforme avance la obra.<\/h4>\n<p>Los principales requisitos para acceder a esta operatoria son poseer terreno propio \u2500o adquirirlo en un plazo no mayor a tres a\u00f1os\u2500 y hacer el ahorro solicitado o integrar el equivalente a las 36 cuotas en los llamados a licitaci\u00f3n que se realizan peri\u00f3dicamente.<\/p>\n<p dir=\"ltr\">En di\u00e1logo con <strong><span style=\"color: #800080;\">FM VI\u00d1AS <\/span><\/strong>el presidente del Instituto Provincial de la Vivienda (IPV), Gustavo Cantero habl\u00f3 sobre este programa y la entrega de casas que se realiz\u00f3 en San Rafael: <em><strong>&#8216;este programa esta dirigido a personas con ingresos entre 1.200.000 y 2.500.000 pesos.\u00a0 El programa requiere un ahorro previo de 36 meses y la propiedad de un lote urbanizado con servicios.&#8217;<\/strong><\/em><\/p>\n<p dir=\"ltr\"><em><strong>&#8216;Las cuotas del cr\u00e9dito son del 20% del ingreso familiar y son ajustables seg\u00fan el coeficiente de evaluaci\u00f3n salarial. El plazo m\u00e1ximo para pagar el cr\u00e9dito es de 30 a\u00f1os.&#8217;<\/strong><\/em><\/p>\n<p dir=\"ltr\">Por otro lado destaco la actividad en el vecino departamento de San Rafael, donde diferentes autoridades provinciales estuvieron presentes: <em><strong>&#8216;estuvieron presentes Alfredo Cornejo, Hebe Casado;\u00a0la subsecretaria de Infraestructura, Marit\u00e9 Badui y el intendente Omar F\u00e9lix\u00bb.<\/strong><\/em><\/p>\n<p dir=\"ltr\">Se entregaron 62 viviendas en ese departamento: 32 del Barrio Orbelli y 30 en el Barrio Roca II.<\/p>\n<p dir=\"ltr\">Tambi\u00e9n se habl\u00f3 de la posibilidad de <span style=\"color: #800080;\"><em><strong>cr\u00e9ditos rurales<\/strong><\/em><\/span> para trabajadores rurales y de la importancia de la escritura del terreno para acceder a estos cr\u00e9ditos.<\/p>\n<p dir=\"ltr\">Adem\u00e1s, se mencion\u00f3 que el programa de mejoramientos de viviendas sigue en marcha, con una ampliaci\u00f3n del 10% para todos los departamentos. Sin embargo, la continuidad del programa depender\u00e1 de la recaudaci\u00f3n provincial.<\/p>\n","protected":false},"excerpt":{"rendered":"<p>Construyo mi Casa\u00a0es un plan que utiliza el sistema de ahorro previo, seg\u00fan el cual el interesado aporta el 15% del &#8230;<\/p>\n","protected":false},"author":7,"featured_media":145300,"comment_status":"open","ping_status":"open","sticky":false,"template":"","format":"standard","meta":{"footnotes":""},"categories":[10,67],"tags":[],"class_list":["post-145299","post","type-post","status-publish","format-standard","has-post-thumbnail","hentry","category-destacadas","category-ipv"],"_links":{"self":[{"href":"https:\/\/vinasfm.com\/noticias\/wp-json\/wp\/v2\/posts\/145299","targetHints":{"allow":["GET"]}}],"collection":[{"href":"https:\/\/vinasfm.com\/noticias\/wp-json\/wp\/v2\/posts"}],"about":[{"href":"https:\/\/vinasfm.com\/noticias\/wp-json\/wp\/v2\/types\/post"}],"author":[{"embeddable":true,"href":"https:\/\/vinasfm.com\/noticias\/wp-json\/wp\/v2\/users\/7"}],"replies":[{"embeddable":true,"href":"https:\/\/vinasfm.com\/noticias\/wp-json\/wp\/v2\/comments?post=145299"}],"version-history":[{"count":1,"href":"https:\/\/vinasfm.com\/noticias\/wp-json\/wp\/v2\/posts\/145299\/revisions"}],"predecessor-version":[{"id":145301,"href":"https:\/\/vinasfm.com\/noticias\/wp-json\/wp\/v2\/posts\/145299\/revisions\/145301"}],"wp:featuredmedia":[{"embeddable":true,"href":"https:\/\/vinasfm.com\/noticias\/wp-json\/wp\/v2\/media\/145300"}],"wp:attachment":[{"href":"https:\/\/vinasfm.com\/noticias\/wp-json\/wp\/v2\/media?parent=145299"}],"wp:term":[{"taxonomy":"category","embeddable":true,"href":"https:\/\/vinasfm.com\/noticias\/wp-json\/wp\/v2\/categories?post=145299"},{"taxonomy":"post_tag","embeddable":true,"href":"https:\/\/vinasfm.com\/noticias\/wp-json\/wp\/v2\/tags?post=145299"}],"curies":[{"name":"wp","href":"https:\/\/api.w.org\/{rel}","templated":true}]}}