{"id":145296,"date":"2025-03-12T19:24:01","date_gmt":"2025-03-12T22:24:01","guid":{"rendered":"https:\/\/vinasfm.com\/noticias\/?p=145296"},"modified":"2025-03-12T19:24:01","modified_gmt":"2025-03-12T22:24:01","slug":"mendoza-fortalece-el-crecimiento-ganadero-destinando-1-000-millones-para-reactivar-el-programa-de-destete-precoz","status":"publish","type":"post","link":"https:\/\/vinasfm.com\/noticias\/mendoza-fortalece-el-crecimiento-ganadero-destinando-1-000-millones-para-reactivar-el-programa-de-destete-precoz\/","title":{"rendered":"MENDOZA FORTALECE EL CRECIMIENTO GANADERO DESTINANDO $1.000 MILLONES PARA REACTIVAR EL PROGRAMA DE DESTETE PRECOZ"},"content":{"rendered":"<h4>El Gobernador Alfredo Cornejo particip\u00f3 en el relanzamiento de ese plan en San Rafael. Esta t\u00e9cnica busca paliar situaciones de emergencia que podr\u00edan perjudicar a los sistemas productivos.<\/h4>\n<p>El Gobernador de Mendoza, Alfredo Cornejo, anunci\u00f3 en el Sur provincial el relanzamiento del Programa de Destete Precoz, una iniciativa destinada a fortalecer al sector ganadero. En el marco de una estrategia de crecimiento econ\u00f3mico para la provincia, la medida busca consolidar la actividad mediante inversiones inteligentes y sostenibles.<\/p>\n<p>Ser\u00e1n invertidos as\u00ed $1.000 millones en el mencionado programa, que beneficiar\u00e1n a los productores de Mendoza.<\/p>\n<p>El relanzamiento fue en la C\u00e1mara de Comercio de San Rafael. Adem\u00e1s del mandatario estuvieron la vicegobernadora, Hebe Casado; el coordinador de la Delegaci\u00f3n Sur del Ministerio de Producci\u00f3n, Andr\u00e9s Vavrik, y el director de Ganader\u00eda, Francisco R\u00edos. Tambi\u00e9n esta ma\u00f1ana hubo una presentaci\u00f3n del programa en General Alvear.<\/p>\n<p>\u201cLa ganader\u00eda, si bien se hace en Mendoza hace algunas d\u00e9cadas, es la actividad que m\u00e1s ha crecido de nuestros sectores econ\u00f3micos en la provincia. Es la actividad que, si uno la ve como porcentaje del Producto Bruto Geogr\u00e1fico, aunque ha sido muy peque\u00f1ita est\u00e1 aumentando, y eso nos alienta a apoyarla cada vez m\u00e1s\u201d, dijo Cornejo durante el anuncio.<\/p>\n<p>El programa contempla una inversi\u00f3n de $1.000 millones por parte del Gobierno provincial con la expectativa de que el sector privado tambi\u00e9n invierta. \u201cMil millones de pesos es un buen n\u00famero. Es un n\u00famero muy relevante y puesto inteligentemente, para que no tengan que vender cuando el precio haya bajado, sino cuando estemos en alza, con lo cual es una intervenci\u00f3n inteligente\u201d, explic\u00f3 el mandatario. Adem\u00e1s subray\u00f3 la importancia de este tipo de medidas, que fomenta la inversi\u00f3n privada en lugar de representar un simple subsidio: \u201cNos gusta intervenir de esta forma; no regalar el dinero, sino hacerlo en conjunto con el sector privado tambi\u00e9n\u201d.<\/p>\n<p>El Gobernador destac\u00f3 adem\u00e1s que este programa se complementa con las grandes inversiones en infraestructura que el Ejecutivo ha realizado en el Sur provincial. \u201cViene a agregar a las grandes inversiones que en el Sur hemos hecho en varios sectores en infraestructura, en rutas, en agua, y que vamos a seguir haciendo como parte de este programa\u201d.<\/p>\n<p>Cornejo resalt\u00f3 el potencial que tiene la ganader\u00eda en Mendoza, una ventaja que no poseen otras actividades econ\u00f3micas de la provincia. \u201cHoy tenemos cubiertas much\u00edsimas m\u00e1s hect\u00e1reas y bien lo dec\u00eda nuestro director de ganader\u00eda: tenemos la potencialidad que no tenemos en la agricultura, que no tenemos en el petr\u00f3leo, que no tenemos en la miner\u00eda. Podemos ocupar el 70% de nuestra extensi\u00f3n con esta actividad\u201d, detall\u00f3.<\/p>\n<p>Asimismo enmarc\u00f3 este anuncio dentro de un plan m\u00e1s amplio de crecimiento econ\u00f3mico para la provincia. \u201cSiempre nos hemos quejado de las condiciones macroecon\u00f3micas que dependen del Gobierno nacional y ahora estamos viendo que se est\u00e1 estabilizando la macroeconom\u00eda, que hay incipientes resultados en materia de inflaci\u00f3n y de d\u00e9ficit fiscal, entre otras. Son condici\u00f3n necesaria, no suficiente\u201d, explic\u00f3.<\/p>\n<p>En este sentido, , el Gobernador subray\u00f3 la importancia de un sector privado activo y comprometido con el desarrollo productivo: \u201cEs necesario adem\u00e1s que tengamos un sector privado que quiera invertir, que ponga su talento y que arriesgue. El sector ganadero y el cl\u00faster ganadero se est\u00e1n organizando cada vez mejor, y vale la pena que el Gobierno de la provincia los apoye\u201d.<\/p>\n<p>Finalmente, el mandatario dej\u00f3 en claro que este programa ya est\u00e1 en marcha y que su implementaci\u00f3n no responde a una estrategia de anuncios sin ejecuci\u00f3n. \u201cNos apuramos, porque podr\u00edamos haberlo hecho en la Fiesta de la Ganader\u00eda, pero este es el tiempo donde ya lo estamos aplicando. No es un mero anuncio, sino que lo quisimos hacer porque no queremos perder esta temporada\u201d, concluy\u00f3.<\/p>\n<p>Por su parte, el director de Ganader\u00eda destac\u00f3 que el impacto del relanzamiento es sumamente positivo al se\u00f1alar: \u201cVamos a invertir este dinero porque sabemos que es provechoso para todos. Es mucha plata y derrama en toda la cadena de valores\u201d.<\/p>\n<p>Con esta iniciativa, Mendoza refuerza su compromiso con el desarrollo del sector ganadero apostando por estrategias que permitan un crecimiento sostenido y que potencien la producci\u00f3n en todo el territorio provincial.<\/p>\n<p><strong>El programa y las ventajas para los productores<\/strong><\/p>\n<p>El destete precoz es una herramienta de manejo del rodeo dirigida a la vaca, ya que al sacar a los terneros del pie de la madre pueden verse disminuidos dr\u00e1sticamente los requerimientos nutricionales de esta y lograrse buenos \u00edndices de concepci\u00f3n en el servicio siguiente.<\/p>\n<p>Recurriendo a esta t\u00e9cnica se han podido mejorar los \u00edndices de pre\u00f1ez hasta en el 40% en animales con mala condici\u00f3n corporal, aumentar la cabeza de parici\u00f3n y, por consiguiente, disminuir la cola. Y adem\u00e1s es posible, una vez instaurada la t\u00e9cnica en el establecimiento, aumentar la carga animal.<\/p>\n<p>Algunas de las ventajas que tendr\u00e1n los productores son:<\/p>\n<ul>\n<li>Una pronta y efectiva reanudaci\u00f3n de la actividad sexual de los vientres, con celos f\u00e9rtiles visibles y concentrados que aumentan los porcentajes de pre\u00f1ez.<\/li>\n<li>Mayor cantidad de terneros \u201ccabezas\u201d nacidos en la primera \u00e9poca de parici\u00f3n, debido a una gran concentraci\u00f3n de celos y servicios.<\/li>\n<li>El acortamiento de los intervalos parto-concepci\u00f3n permite la pre\u00f1ez de los vientres dentro de una corta temporada de servicios.<\/li>\n<li>Recuperaci\u00f3n de condici\u00f3n corporal en las madres. Estas reservas le confieren un efecto residual al destete precoz, ya que estas vacas al mantener un buen estado vuelven a pre\u00f1arse durante los a\u00f1os subsiguientes sin necesidad de destetarlas precozmente.<\/li>\n<li>Aumento de carga: los menores requerimientos sobre las vacas, la transferencia de nutrientes de la primavera-verano a la restricci\u00f3n invernal como reservas corporales y un mejor manejo de los pastizales permiten un aumento de carga.<\/li>\n<li>Mayor producci\u00f3n: tener m\u00e1s vientres por hect\u00e1rea con mayor porcentaje de pre\u00f1ez, con m\u00e1s terneros cabeza y, por lo tanto, m\u00e1s pesados al destete aumentan la producci\u00f3n de carne y la rentabilidad por hect\u00e1rea.<\/li>\n<li>La oportunidad de manejar el momento de las ventas y no tener que caer en el momento de mayor oferta.<\/li>\n<\/ul>\n","protected":false},"excerpt":{"rendered":"<p>El Gobernador Alfredo Cornejo particip\u00f3 en el relanzamiento de ese plan en San Rafael. Esta t\u00e9cnica busca paliar situaciones de emergencia &#8230;<\/p>\n","protected":false},"author":7,"featured_media":145297,"comment_status":"open","ping_status":"open","sticky":false,"template":"","format":"standard","meta":{"footnotes":""},"categories":[1],"tags":[],"class_list":["post-145296","post","type-post","status-publish","format-standard","has-post-thumbnail","hentry","category-fmvinas"],"_links":{"self":[{"href":"https:\/\/vinasfm.com\/noticias\/wp-json\/wp\/v2\/posts\/145296","targetHints":{"allow":["GET"]}}],"collection":[{"href":"https:\/\/vinasfm.com\/noticias\/wp-json\/wp\/v2\/posts"}],"about":[{"href":"https:\/\/vinasfm.com\/noticias\/wp-json\/wp\/v2\/types\/post"}],"author":[{"embeddable":true,"href":"https:\/\/vinasfm.com\/noticias\/wp-json\/wp\/v2\/users\/7"}],"replies":[{"embeddable":true,"href":"https:\/\/vinasfm.com\/noticias\/wp-json\/wp\/v2\/comments?post=145296"}],"version-history":[{"count":1,"href":"https:\/\/vinasfm.com\/noticias\/wp-json\/wp\/v2\/posts\/145296\/revisions"}],"predecessor-version":[{"id":145298,"href":"https:\/\/vinasfm.com\/noticias\/wp-json\/wp\/v2\/posts\/145296\/revisions\/145298"}],"wp:featuredmedia":[{"embeddable":true,"href":"https:\/\/vinasfm.com\/noticias\/wp-json\/wp\/v2\/media\/145297"}],"wp:attachment":[{"href":"https:\/\/vinasfm.com\/noticias\/wp-json\/wp\/v2\/media?parent=145296"}],"wp:term":[{"taxonomy":"category","embeddable":true,"href":"https:\/\/vinasfm.com\/noticias\/wp-json\/wp\/v2\/categories?post=145296"},{"taxonomy":"post_tag","embeddable":true,"href":"https:\/\/vinasfm.com\/noticias\/wp-json\/wp\/v2\/tags?post=145296"}],"curies":[{"name":"wp","href":"https:\/\/api.w.org\/{rel}","templated":true}]}}