{"id":145266,"date":"2025-03-12T10:15:38","date_gmt":"2025-03-12T13:15:38","guid":{"rendered":"https:\/\/vinasfm.com\/noticias\/?p=145266"},"modified":"2025-03-13T08:53:16","modified_gmt":"2025-03-13T11:53:16","slug":"una-camioneta-colisiono-con-un-caballo-en-la-ruta-184","status":"publish","type":"post","link":"https:\/\/vinasfm.com\/noticias\/una-camioneta-colisiono-con-un-caballo-en-la-ruta-184\/","title":{"rendered":"UN CABALLO IMPACT\u00d3 A UNA CAMIONETA EN LA RUTA 184"},"content":{"rendered":"<h4 data-sourcepos=\"3:1-3:225\"><span style=\"color: #000000;\">Un accidente vial ocurri\u00f3 en la madrugada del mi\u00e9rcoles en la Ruta 184, cuando una camioneta Ford Ranger colision\u00f3 con un caballo. El conductor del veh\u00edculo, identificado como I.J.A., de 33 a\u00f1os, result\u00f3 ileso.<\/span><\/h4>\n<p data-sourcepos=\"5:1-5:277\"><span style=\"color: #000000;\">El hecho tuvo lugar alrededor de las 3:30 a.m., <strong>cuando el conductor circulaba por la mencionada ruta en direcci\u00f3n oeste-este.<\/strong> Seg\u00fan el reporte policial, <strong>un equino irrumpi\u00f3 desde el lado sur de la v\u00eda, impactando contra la camioneta y provocando da\u00f1os materiales en el veh\u00edculo.<\/strong><\/span><\/p>\n<p data-sourcepos=\"7:1-7:228\"><span style=\"color: #000000;\"><strong>Tras el incidente, un transe\u00fante que pasaba por el lugar traslad\u00f3 al conductor a la Comisar\u00eda 26 de Villa Atuel.<\/strong> Posteriormente, el masculino fue derivado al hospital local, donde fue asistido y se confirm\u00f3 que no presentaba lesiones.<\/span><\/p>\n","protected":false},"excerpt":{"rendered":"<p>Un accidente vial ocurri\u00f3 en la madrugada del mi\u00e9rcoles en la Ruta 184, cuando una camioneta Ford Ranger colision\u00f3 con un &#8230;<\/p>\n","protected":false},"author":7,"featured_media":127917,"comment_status":"open","ping_status":"open","sticky":false,"template":"","format":"standard","meta":{"footnotes":""},"categories":[4,184],"tags":[],"class_list":["post-145266","post","type-post","status-publish","format-standard","has-post-thumbnail","hentry","category-policiales","category-siniestro-vial"],"_links":{"self":[{"href":"https:\/\/vinasfm.com\/noticias\/wp-json\/wp\/v2\/posts\/145266","targetHints":{"allow":["GET"]}}],"collection":[{"href":"https:\/\/vinasfm.com\/noticias\/wp-json\/wp\/v2\/posts"}],"about":[{"href":"https:\/\/vinasfm.com\/noticias\/wp-json\/wp\/v2\/types\/post"}],"author":[{"embeddable":true,"href":"https:\/\/vinasfm.com\/noticias\/wp-json\/wp\/v2\/users\/7"}],"replies":[{"embeddable":true,"href":"https:\/\/vinasfm.com\/noticias\/wp-json\/wp\/v2\/comments?post=145266"}],"version-history":[{"count":3,"href":"https:\/\/vinasfm.com\/noticias\/wp-json\/wp\/v2\/posts\/145266\/revisions"}],"predecessor-version":[{"id":145275,"href":"https:\/\/vinasfm.com\/noticias\/wp-json\/wp\/v2\/posts\/145266\/revisions\/145275"}],"wp:featuredmedia":[{"embeddable":true,"href":"https:\/\/vinasfm.com\/noticias\/wp-json\/wp\/v2\/media\/127917"}],"wp:attachment":[{"href":"https:\/\/vinasfm.com\/noticias\/wp-json\/wp\/v2\/media?parent=145266"}],"wp:term":[{"taxonomy":"category","embeddable":true,"href":"https:\/\/vinasfm.com\/noticias\/wp-json\/wp\/v2\/categories?post=145266"},{"taxonomy":"post_tag","embeddable":true,"href":"https:\/\/vinasfm.com\/noticias\/wp-json\/wp\/v2\/tags?post=145266"}],"curies":[{"name":"wp","href":"https:\/\/api.w.org\/{rel}","templated":true}]}}