{"id":145262,"date":"2025-03-12T10:20:21","date_gmt":"2025-03-12T13:20:21","guid":{"rendered":"https:\/\/vinasfm.com\/noticias\/?p=145262"},"modified":"2025-03-13T08:52:52","modified_gmt":"2025-03-13T11:52:52","slug":"la-comuna-impulsa-la-ganaderia-con-nuevas-herramientas-y-un-plan-de-destete-precoz","status":"publish","type":"post","link":"https:\/\/vinasfm.com\/noticias\/la-comuna-impulsa-la-ganaderia-con-nuevas-herramientas-y-un-plan-de-destete-precoz\/","title":{"rendered":"LA COMUNA IMPULSA LA GANADER\u00cdA CON NUEVAS HERRAMIENTAS Y UN PLAN DE DESTETE PRECOZ"},"content":{"rendered":"<h4 data-sourcepos=\"3:1-3:299\"><span style=\"color: #000000;\">El municipio de General Alvear, en colaboraci\u00f3n con Provincia, anunci\u00f3 una serie de medidas para fortalecer el sector ganadero local. El intendente Alejandro Molero y el director provincial de Ganader\u00eda, Roberto R\u00edos, presentaron un plan de destete precoz y avances en seguridad rural.<\/span><\/h4>\n<p data-sourcepos=\"7:1-7:299\"><span style=\"color: #000000;\"><span style=\"color: #003366;\"><strong>Molero<\/strong><\/span> destac\u00f3 el inicio de la instalaci\u00f3n de c\u00e1maras de seguridad en zonas rurales, una medida clave para prevenir el abigeato y otros delitos. <strong>Las c\u00e1maras ya est\u00e1n operativas en Canalejas y en la intersecci\u00f3n de Calle 25 y Ruta 188, y se extender\u00e1n a otras rutas ganaderas en las pr\u00f3ximas semanas.<\/strong><\/span><\/p>\n<p data-sourcepos=\"11:1-11:288\"><span style=\"color: #000000;\">El anuncio m\u00e1s importante fue la implementaci\u00f3n de un <strong>plan de destete precoz con una inversi\u00f3n de mil millones de pesos por parte del Gobierno Provincial.<\/strong> Este plan, pionero en la regi\u00f3n, busca mejorar los \u00edndices de pre\u00f1ez y destete, que actualmente son bajos en Mendoza <em>(menos del 65%)<\/em>.<\/span><\/p>\n<p data-sourcepos=\"13:1-13:220\"><span style=\"color: #000000;\"><em><strong>\u00abEsta herramienta de sacar r\u00e1pidamente el ternero del pie de la madre mejora el estado corporal de la vaca, permiti\u00e9ndole entrar en celo y pre\u00f1arse m\u00e1s r\u00e1pido\u00bb<\/strong><\/em>, explic\u00f3 Molero. <strong><em>\u00abEs una iniciativa ganar-ganar para todos\u00bb.<\/em><\/strong><\/span><\/p>\n<h2 data-sourcepos=\"15:1-15:54\"><span style=\"color: #000000;\"><strong>Beneficios para productores y la cadena productiva<\/strong><\/span><\/h2>\n<p data-sourcepos=\"17:1-17:200\"><span style=\"color: #000000;\"><span style=\"color: #003366;\"><strong>Roberto R\u00edos<\/strong><\/span> detall\u00f3 que<strong> el plan se enfoca en la vaca, que reduce sus requerimientos nutricionales al separarse del ternero. Esto favorece su recuperaci\u00f3n y pre\u00f1ez, aumentando la cantidad de terneros durante el a\u00f1o.<\/strong><\/span><\/p>\n<p data-sourcepos=\"19:1-19:233\"><span style=\"color: #000000;\"><strong><em>\u00abEl destete precoz tiene m\u00faltiples ventajas\u00bb<\/em><\/strong>, se\u00f1al\u00f3 R\u00edos. \u00ab<strong><em>Reanuda la actividad sexual de la vaca, aumenta el porcentaje de terneros y dinamiza toda la cadena productiva, desde el productor de pasto hasta el que vende concentrados\u00bb.<\/em><\/strong><\/span><\/p>\n<p data-sourcepos=\"23:1-23:205\"><span style=\"color: #000000;\">El gobierno provincial aportar\u00e1 500 pesos por d\u00eda por animal, hasta un m\u00e1ximo de 300 animales por productor. Se trata de un programa p\u00fablico-privado, donde el productor tambi\u00e9n realiza un aporte econ\u00f3mico.<\/span><\/p>\n<p data-sourcepos=\"25:1-25:199\"><span style=\"color: #000000;\"><em><strong>\u00abQueremos que lo p\u00fablico y lo privado vayan de la mano\u00bb<\/strong><\/em>, afirm\u00f3 R\u00edos, quien agradeci\u00f3 el trabajo conjunto con Agust\u00edn Fern\u00e1ndez, de la Espec\u00edfica ganader\u00eda de la C\u00e1mara de Comercio de General Alvear.<\/span><\/p>\n<p data-sourcepos=\"3:1-3:367\"><span style=\"color: #000000;\">Por su parte <span style=\"color: #003366;\"><strong>Andr\u00e9s Vavrik<\/strong><\/span>, <em>delegado de la Zona Sur del Ministerio de la Producci\u00f3n<\/em>, destac\u00f3 la importancia de esta medida para impulsar la cadena productiva en la regi\u00f3n.<\/span><\/p>\n<p data-sourcepos=\"5:1-5:385\"><span style=\"color: #000000;\">El plan, de naturaleza p\u00fablico-privada, busca fomentar la inversi\u00f3n en tecnolog\u00eda por parte de los productores, compartiendo los costos con el Estado. Vavrik subray\u00f3 <strong>la compatibilidad de este plan con otras herramientas de apoyo disponibles, como los planes espec\u00edficos de ganader\u00eda del Fondo de la Transformaci\u00f3n y las l\u00edneas de cr\u00e9dito subsidiadas del Banco Naci\u00f3n y el Banco Ciudad.<\/strong><\/span><\/p>\n<p data-sourcepos=\"7:1-7:372\"><span style=\"color: #000000;\"><strong><em>\u00abVenimos de unos a\u00f1os de no tenerlo, entonces es un plan que vuelve\u00bb<\/em><\/strong>, explic\u00f3 Vavrik, resaltando el momento oportuno para su implementaci\u00f3n, con precios favorables y condiciones clim\u00e1ticas que benefician al sector. <em><strong>\u00abEs una gran herramienta para el productor\u00bb<\/strong><\/em>, agreg\u00f3, haciendo referencia a la posibilidad de aumentar la producci\u00f3n y esperar el mejor momento para la venta.<\/span><\/p>\n<p data-sourcepos=\"31:1-31:168\"><strong><span style=\"color: #000000;\">Con estas medidas, General Alvear y la provincia de Mendoza buscan impulsar la ganader\u00eda local, mejorar la productividad y fortalecer la seguridad en las zonas rurales.<\/span><\/strong><\/p>\n","protected":false},"excerpt":{"rendered":"<p>El municipio de General Alvear, en colaboraci\u00f3n con Provincia, anunci\u00f3 una serie de medidas para fortalecer el sector ganadero local. El &#8230;<\/p>\n","protected":false},"author":7,"featured_media":145269,"comment_status":"open","ping_status":"open","sticky":false,"template":"","format":"standard","meta":{"footnotes":""},"categories":[14,24],"tags":[],"class_list":["post-145262","post","type-post","status-publish","format-standard","has-post-thumbnail","hentry","category-agro","category-ganaderia"],"_links":{"self":[{"href":"https:\/\/vinasfm.com\/noticias\/wp-json\/wp\/v2\/posts\/145262","targetHints":{"allow":["GET"]}}],"collection":[{"href":"https:\/\/vinasfm.com\/noticias\/wp-json\/wp\/v2\/posts"}],"about":[{"href":"https:\/\/vinasfm.com\/noticias\/wp-json\/wp\/v2\/types\/post"}],"author":[{"embeddable":true,"href":"https:\/\/vinasfm.com\/noticias\/wp-json\/wp\/v2\/users\/7"}],"replies":[{"embeddable":true,"href":"https:\/\/vinasfm.com\/noticias\/wp-json\/wp\/v2\/comments?post=145262"}],"version-history":[{"count":2,"href":"https:\/\/vinasfm.com\/noticias\/wp-json\/wp\/v2\/posts\/145262\/revisions"}],"predecessor-version":[{"id":145270,"href":"https:\/\/vinasfm.com\/noticias\/wp-json\/wp\/v2\/posts\/145262\/revisions\/145270"}],"wp:featuredmedia":[{"embeddable":true,"href":"https:\/\/vinasfm.com\/noticias\/wp-json\/wp\/v2\/media\/145269"}],"wp:attachment":[{"href":"https:\/\/vinasfm.com\/noticias\/wp-json\/wp\/v2\/media?parent=145262"}],"wp:term":[{"taxonomy":"category","embeddable":true,"href":"https:\/\/vinasfm.com\/noticias\/wp-json\/wp\/v2\/categories?post=145262"},{"taxonomy":"post_tag","embeddable":true,"href":"https:\/\/vinasfm.com\/noticias\/wp-json\/wp\/v2\/tags?post=145262"}],"curies":[{"name":"wp","href":"https:\/\/api.w.org\/{rel}","templated":true}]}}