{"id":145231,"date":"2025-03-11T11:24:21","date_gmt":"2025-03-11T14:24:21","guid":{"rendered":"https:\/\/vinasfm.com\/noticias\/?p=145231"},"modified":"2025-03-12T10:28:09","modified_gmt":"2025-03-12T13:28:09","slug":"el-partido-libertario-hizo-publico-el-cese-de-toda-relacion-con-la-concejal-mirta-martinez","status":"publish","type":"post","link":"https:\/\/vinasfm.com\/noticias\/el-partido-libertario-hizo-publico-el-cese-de-toda-relacion-con-la-concejal-mirta-martinez\/","title":{"rendered":"EL PARTIDO LIBERTARIO HIZO P\u00daBLICO EL CESE DE TODA RELACI\u00d3N CON LA CONCEJAL MIRTA MART\u00cdNEZ"},"content":{"rendered":"<h4 data-sourcepos=\"3:1-3:192\"><span style=\"color: #000000;\">El Partido Libertario emiti\u00f3 un comunicado de prensa anunciando el cese de toda relaci\u00f3n con la concejal Mirta Mart\u00ednez desde el a\u00f1o 2024.<\/span><\/h4>\n<p data-sourcepos=\"5:1-5:246\"><span style=\"color: #000000;\">La decisi\u00f3n, firmada por <span style=\"color: #003366;\"><strong>Diego Oscar Fischer<\/strong><\/span>, <em>Presidente del Concejo Departamental de General <span style=\"color: #000000;\">Alvear<\/span><\/em>, se fundamenta en la incompatibilidad entre las posturas y acciones de la concejal y los principios e ideales que defiende el Partido Libertario.<\/span><\/p>\n<p data-sourcepos=\"7:1-7:330\"><span style=\"color: #000000;\"><em><strong>\u00abSu accionar y sus posturas no representan ni comparten los principios e ideales libertarios que este partido defiende\u00bb<\/strong><\/em>, reza el comunicado. <em><strong>\u00abPor lo tanto, cualquier acci\u00f3n o declaraci\u00f3n realizada por la mencionada concejal es de exclusiva responsabilidad individual y no guarda relaci\u00f3n alguna con nuestro Concejo Departamental\u00bb.<\/strong><\/em><\/span><\/p>\n<p data-sourcepos=\"13:1-13:191\"><span style=\"color: #000000;\">Si bien el comunicado no especifica los motivos concretos de la desvinculaci\u00f3n, deja entrever una clara discrepancia ideol\u00f3gica y\/o pol\u00edtica entre la concejal Mart\u00ednez y la l\u00ednea del partido.<\/span><\/p>\n<p data-sourcepos=\"15:1-15:222\"><span style=\"color: #000000;\">Esta medida podr\u00eda interpretarse como un intento del Partido Libertario de delimitar claramente su postura y desmarcarse de las acciones de la concejal, evitando as\u00ed que se asocien sus decisiones con la imagen del partido.<\/span><\/p>\n<p data-sourcepos=\"15:1-15:222\"><span style=\"color: #000000;\">Es importante recordar que la actual concejal <span style=\"color: #003366;\"><strong>Mirta Mart\u00ednez<\/strong> <\/span>lleg\u00f3 a ocupar el cargo luego de integrar la lista de <strong><span style=\"color: #993300;\">LAUM<\/span><\/strong>, acompa\u00f1ando a Javier L\u00f3pez como candidato a Intendente y a <span style=\"color: #003366;\"><strong>N\u00e9stor Ortega<\/strong><\/span>, ahora tambi\u00e9n edil. Al momento de asumir el cargo, Mar\u00ednez opt\u00f3 por crear el unibloque <em>\u00abLibertad y Progreso\u00bb<\/em>, tras afirmar haber sido <em><strong>\u00abdiscriminada durante la Campa\u00f1a Electoral\u00bb.\u00a0<\/strong><\/em><\/span><\/p>\n<p data-sourcepos=\"15:1-15:222\"><strong><span style=\"color: #000000;\">En ese entonces, Mart\u00ednez confirm\u00f3 que el Partido Libertador tendr\u00eda participaci\u00f3n dentro del unibloque. Hoy la relaci\u00f3n est\u00e1 m\u00e1s que quebrada.\u00a0<\/span><\/strong><\/p>\n<h2 data-sourcepos=\"9:1-9:112\"><span style=\"color: #000000;\">EL COMUNICADO:<br \/>\n<img decoding=\"async\" src=\"https:\/\/lh3.googleusercontent.com\/gg\/AN12HXTCddhY9s9bh4GvN1YK_ag21Z9C2s3C0W7zThTuROVVB1Srh81jLOiYIUWlLCIuJ1rv7ZBf8klv5voN53OJQIwSdNOo1-lIB6w2377uRdUHbHwYMG3NwBBrlshdA17cPd_dJz3ZAq4zu0VqNn6ZbbJYHq4TnfTGmc1-zL1SFlTWL8h3CZA1VbSOag9WEHKekmeK_DPr5SplkjfialO2bwFtH0L0Dv0t2v-ZmEgO4mB1viFXgP8KrziVYxsB1w1ksLY3U6cC3gGz6qAgIwHnXjnth7KgRNEpqw=d\" alt=\"Imagen seleccionada presentada en un lightbox.\" \/><br \/>\n<\/span><\/h2>\n","protected":false},"excerpt":{"rendered":"<p>El Partido Libertario emiti\u00f3 un comunicado de prensa anunciando el cese de toda relaci\u00f3n con la concejal Mirta Mart\u00ednez desde el &#8230;<\/p>\n","protected":false},"author":7,"featured_media":145233,"comment_status":"open","ping_status":"open","sticky":false,"template":"","format":"standard","meta":{"footnotes":""},"categories":[73,7],"tags":[],"class_list":["post-145231","post","type-post","status-publish","format-standard","has-post-thumbnail","hentry","category-polemica","category-politica"],"_links":{"self":[{"href":"https:\/\/vinasfm.com\/noticias\/wp-json\/wp\/v2\/posts\/145231","targetHints":{"allow":["GET"]}}],"collection":[{"href":"https:\/\/vinasfm.com\/noticias\/wp-json\/wp\/v2\/posts"}],"about":[{"href":"https:\/\/vinasfm.com\/noticias\/wp-json\/wp\/v2\/types\/post"}],"author":[{"embeddable":true,"href":"https:\/\/vinasfm.com\/noticias\/wp-json\/wp\/v2\/users\/7"}],"replies":[{"embeddable":true,"href":"https:\/\/vinasfm.com\/noticias\/wp-json\/wp\/v2\/comments?post=145231"}],"version-history":[{"count":2,"href":"https:\/\/vinasfm.com\/noticias\/wp-json\/wp\/v2\/posts\/145231\/revisions"}],"predecessor-version":[{"id":145234,"href":"https:\/\/vinasfm.com\/noticias\/wp-json\/wp\/v2\/posts\/145231\/revisions\/145234"}],"wp:featuredmedia":[{"embeddable":true,"href":"https:\/\/vinasfm.com\/noticias\/wp-json\/wp\/v2\/media\/145233"}],"wp:attachment":[{"href":"https:\/\/vinasfm.com\/noticias\/wp-json\/wp\/v2\/media?parent=145231"}],"wp:term":[{"taxonomy":"category","embeddable":true,"href":"https:\/\/vinasfm.com\/noticias\/wp-json\/wp\/v2\/categories?post=145231"},{"taxonomy":"post_tag","embeddable":true,"href":"https:\/\/vinasfm.com\/noticias\/wp-json\/wp\/v2\/tags?post=145231"}],"curies":[{"name":"wp","href":"https:\/\/api.w.org\/{rel}","templated":true}]}}