{"id":145225,"date":"2025-03-11T10:57:32","date_gmt":"2025-03-11T13:57:32","guid":{"rendered":"https:\/\/vinasfm.com\/noticias\/?p=145225"},"modified":"2025-03-12T11:07:06","modified_gmt":"2025-03-12T14:07:06","slug":"gran-transformacion-en-el-hospital-enfermeros-argentinos-inversion-millonaria-residencias-medicas-y-futuro-prometedor-para-la-salud-en-general-alvear","status":"publish","type":"post","link":"https:\/\/vinasfm.com\/noticias\/gran-transformacion-en-el-hospital-enfermeros-argentinos-inversion-millonaria-residencias-medicas-y-futuro-prometedor-para-la-salud-en-general-alvear\/","title":{"rendered":"GRAN TRANSFORMACI\u00d3N EN EL HOSPITAL ENFERMEROS ARGENTINOS: INVERSI\u00d3N MILLONARIA, RESIDENCIAS M\u00c9DICAS Y FUTURO PROMETEDOR PARA LA SALUD EN GENERAL ALVEAR"},"content":{"rendered":"<h4 data-sourcepos=\"3:1-3:390\"><span style=\"color: #000000;\">El Hospital Enfermeros Argentinos se encuentra en un punto de inflexi\u00f3n, marcando un antes y un despu\u00e9s en la atenci\u00f3n sanitaria de la regi\u00f3n. Gracias a una enorme inversi\u00f3n y la concreci\u00f3n de proyectos largamente anhelados, el nosocomio se posiciona como un centro de salud de vanguardia.<\/span><\/h4>\n<p data-sourcepos=\"5:1-5:289\"><span style=\"color: #000000;\">El <span style=\"color: #003366;\"><strong>Sr. Intendente Alejandro Molero<\/strong><\/span>, junto al <span style=\"color: #003366;\"><strong>Dr. Alejandro Torres<\/strong><\/span>,<em> director del hospital<\/em>, anunciaron con entusiasmo los logros alcanzados durante una recorrida por las instalaciones. Las noticias son motivo de celebraci\u00f3n para toda la comunidad alvearense.<\/span><\/p>\n<p data-sourcepos=\"9:1-9:308\"><span style=\"color: #000000;\">Uno de los pilares de esta transformaci\u00f3n es la inversi\u00f3n millonaria realizada en tecnolog\u00eda y refuncionalizaci\u00f3n del hospital. <strong><em>\u00abM\u00e1s de 50 millones de pesos se destinaron a la refuncionalizaci\u00f3n de toda la parte el\u00e9ctrica, garantizando la operatividad y seguridad del hospital\u00bb<\/em><\/strong>, destac\u00f3 el intendente Molero.<\/span><\/p>\n<p data-sourcepos=\"11:1-11:297\"><span style=\"color: #000000;\">Adem\u00e1s, se invirtieron m\u00e1s de 80 millones de pesos en la adquisici\u00f3n de tecnolog\u00eda de punta, incluyendo un tom\u00f3grafo de \u00faltima generaci\u00f3n. <em><strong>\u00abEste tom\u00f3grafo era una gran necesidad para el hospital y toda la comunidad\u00bb<\/strong><\/em>, afirm\u00f3 Molero. Otras adquisiciones importantes incluyen mesas de anestesia y camillas de quir\u00f3fano, que permitir\u00e1n mejorar la calidad de la atenci\u00f3n y ampliar la capacidad de respuesta del hospital.<\/span><\/p>\n<p data-sourcepos=\"11:1-11:297\"><img decoding=\"async\" class=\"aligncenter\" src=\"https:\/\/www.diariodeloeste.com.ar\/wp-content\/uploads\/2024\/04\/guardia-hospital-enfermeros-argentinos22-700x321.jpg\" alt=\"Diario del Oeste | Cornejo inaugur\u00f3 la remodelaci\u00f3n del Hospital Enfermeros Argentinos de General Alvear\" \/><\/p>\n<h2 data-sourcepos=\"15:1-15:71\"><span style=\"color: #000000;\"><strong>Residencias M\u00e9dicas: Formaci\u00f3n y Radicaci\u00f3n de Nuevos Profesionales<\/strong><\/span><\/h2>\n<p data-sourcepos=\"17:1-17:340\"><span style=\"color: #000000;\">Un hito hist\u00f3rico para el nosocomio alvearense es la autorizaci\u00f3n para la realizaci\u00f3n de residencias m\u00e9dicas. <em><strong>\u00abDespu\u00e9s de much\u00edsimos a\u00f1os, el hospital ha sido autorizado para hacer residencias\u00bb<\/strong><\/em>, anunci\u00f3 Molero. <strong><em>\u00abYa hay dos m\u00e9dicos residentes en medicina de familia, y se incorporan ahora dos nuevos residentes en cirug\u00eda general\u00bb.<\/em><\/strong><\/span><\/p>\n<p data-sourcepos=\"19:1-19:411\"><span style=\"color: #000000;\">Esta iniciativa no solo jerarquiza al hospital, sino que tambi\u00e9n garantiza la formaci\u00f3n de nuevos profesionales en la regi\u00f3n. \u00ab<em><strong>Habilitar la residencia en nuestro hospital significa que vienen m\u00e9dicos de distintas partes del pa\u00eds a hacer la residencia en General Alvear\u00bb<\/strong><\/em>, explic\u00f3 el intendente y agreg\u00f3 <strong>\u00abcomo ha pasado hist\u00f3ricamente, muchos de ellos se quedan a trabajar, se radican en nuestra ciudad y forman familia\u00bb.<\/strong><\/span><\/p>\n<p data-sourcepos=\"21:1-21:355\"><span style=\"color: #000000;\">El Dr. Torres destac\u00f3 la importancia de las residencias para atraer y retener talento m\u00e9dico. <em><strong>\u00abEs un compromiso que tomamos apenas comenzamos la gesti\u00f3n, que es tratar de traer m\u00e9dicos al departamento\u00bb<\/strong><\/em>, se\u00f1al\u00f3.<em><strong> \u00abEs muy importante que nos hayan aprobado el hospital las residencias m\u00e9dicas, porque esto genera que vengan m\u00e9dicos y jerarquizan el hospital\u00bb.<\/strong><\/em><\/span><\/p>\n<h2 data-sourcepos=\"23:1-23:60\"><span style=\"color: #000000;\"><strong>Pabell\u00f3n Psiqui\u00e1trico: Respuesta a una Necesidad Urgente<\/strong><\/span><\/h2>\n<p data-sourcepos=\"25:1-25:302\"><span style=\"color: #000000;\">Otra noticia muy esperapera por la ciudadan\u00eda es la adjudicaci\u00f3n de la obra del pabell\u00f3n psiqui\u00e1trico a la empresa que actualmente est\u00e1 realizando la UGACOOP en el departamento. <strong><em>\u00abEste espacio moderno de \u00faltima generaci\u00f3n, adaptado para ese fin, es una vieja necesidad que hoy se empieza a plasmar en realidad\u00bb<\/em><\/strong>, afirm\u00f3 Molero.<\/span><\/p>\n<p data-sourcepos=\"25:1-25:302\"><a href=\"https:\/\/vinasfm.com\/noticias\/wp-content\/uploads\/2025\/03\/Fachada-Sur-Pabellon-Pisiquiatrico-Hospital-Enfermeros-Argentinos.png\"><img loading=\"lazy\" decoding=\"async\" class=\"wp-image-145226 aligncenter\" src=\"https:\/\/vinasfm.com\/noticias\/wp-content\/uploads\/2025\/03\/Fachada-Sur-Pabellon-Pisiquiatrico-Hospital-Enfermeros-Argentinos.png\" alt=\"\" width=\"600\" height=\"149\" srcset=\"https:\/\/vinasfm.com\/noticias\/wp-content\/uploads\/2025\/03\/Fachada-Sur-Pabellon-Pisiquiatrico-Hospital-Enfermeros-Argentinos.png 766w, https:\/\/vinasfm.com\/noticias\/wp-content\/uploads\/2025\/03\/Fachada-Sur-Pabellon-Pisiquiatrico-Hospital-Enfermeros-Argentinos-300x74.png 300w\" sizes=\"auto, (max-width: 600px) 100vw, 600px\" \/><\/a><\/p>\n<p data-sourcepos=\"27:1-27:325\"><span style=\"color: #000000;\">El Dr. Torres brind\u00f3 detalles sobre las obras realizadas en el hospital, incluyendo la ampliaci\u00f3n de la farmacia y la construcci\u00f3n de un edificio exclusivo para el alojamiento de los m\u00e9dicos residentes. <em><strong>\u00abEs un sistema que hace mucha cantidad de guardias, y es algo que tiene que tener lugar para dormir, para comer\u00bb<\/strong><\/em>, explic\u00f3.<\/span><\/p>\n<p data-sourcepos=\"31:1-31:326\"><span style=\"color: #000000;\">As\u00ed mismo, el director del hospital resalt\u00f3 la eficiencia en la gesti\u00f3n de los recursos, se\u00f1alando que la inversi\u00f3n realizada en la refuncionalizaci\u00f3n el\u00e9ctrica fue posible gracias a la autogesti\u00f3n del hospital. <em><strong>\u00abHemos invertido aproximadamente 45 mil d\u00f3lares en todos los cambios que se han hecho en las comandas y los tableros\u00bb<\/strong><\/em>, detall\u00f3.<\/span><\/p>\n<p data-sourcepos=\"33:1-33:265\"><span style=\"color: #000000;\">Adem\u00e1s, destac\u00f3 el apoyo recibido por parte del gobierno provincial. <strong><em>\u00abHist\u00f3ricamente, el departamento no ha estado tan bien atendido o tenido en cuenta por la Provincia como nos est\u00e1n teniendo en cuenta ahora\u00bb<\/em><\/strong>, afirm\u00f3. \u00abLa verdad que tenemos muy buenas respuestas\u00bb.<\/span><\/p>\n<p data-sourcepos=\"37:1-37:243\"><span style=\"color: #000000;\">El Hospital Enfermeros Argentinos tiene grandes planes para el futuro, incluyendo la construcci\u00f3n de un edificio de oncolog\u00eda.<em><strong> \u00abTenemos muchas metas a cumplir, y creo que en conjunto las vamos a ir cumpliendo de a poco\u00bb<\/strong><\/em>, asegur\u00f3 el Dr. Torres.<\/span><\/p>\n<p data-sourcepos=\"39:1-39:173\">\n","protected":false},"excerpt":{"rendered":"<p>El Hospital Enfermeros Argentinos se encuentra en un punto de inflexi\u00f3n, marcando un antes y un despu\u00e9s en la atenci\u00f3n sanitaria &#8230;<\/p>\n","protected":false},"author":7,"featured_media":145227,"comment_status":"open","ping_status":"open","sticky":false,"template":"","format":"standard","meta":{"footnotes":""},"categories":[78,15],"tags":[],"class_list":["post-145225","post","type-post","status-publish","format-standard","has-post-thumbnail","hentry","category-municipalidad","category-salud"],"_links":{"self":[{"href":"https:\/\/vinasfm.com\/noticias\/wp-json\/wp\/v2\/posts\/145225","targetHints":{"allow":["GET"]}}],"collection":[{"href":"https:\/\/vinasfm.com\/noticias\/wp-json\/wp\/v2\/posts"}],"about":[{"href":"https:\/\/vinasfm.com\/noticias\/wp-json\/wp\/v2\/types\/post"}],"author":[{"embeddable":true,"href":"https:\/\/vinasfm.com\/noticias\/wp-json\/wp\/v2\/users\/7"}],"replies":[{"embeddable":true,"href":"https:\/\/vinasfm.com\/noticias\/wp-json\/wp\/v2\/comments?post=145225"}],"version-history":[{"count":3,"href":"https:\/\/vinasfm.com\/noticias\/wp-json\/wp\/v2\/posts\/145225\/revisions"}],"predecessor-version":[{"id":145279,"href":"https:\/\/vinasfm.com\/noticias\/wp-json\/wp\/v2\/posts\/145225\/revisions\/145279"}],"wp:featuredmedia":[{"embeddable":true,"href":"https:\/\/vinasfm.com\/noticias\/wp-json\/wp\/v2\/media\/145227"}],"wp:attachment":[{"href":"https:\/\/vinasfm.com\/noticias\/wp-json\/wp\/v2\/media?parent=145225"}],"wp:term":[{"taxonomy":"category","embeddable":true,"href":"https:\/\/vinasfm.com\/noticias\/wp-json\/wp\/v2\/categories?post=145225"},{"taxonomy":"post_tag","embeddable":true,"href":"https:\/\/vinasfm.com\/noticias\/wp-json\/wp\/v2\/tags?post=145225"}],"curies":[{"name":"wp","href":"https:\/\/api.w.org\/{rel}","templated":true}]}}