{"id":145202,"date":"2025-03-11T09:06:51","date_gmt":"2025-03-11T12:06:51","guid":{"rendered":"https:\/\/vinasfm.com\/noticias\/?p=145202"},"modified":"2025-03-11T11:37:26","modified_gmt":"2025-03-11T14:37:26","slug":"entrevista-a-dario-seijas-un-alvearense-en-el-corazon-del-desastre-en-bahia-blanca","status":"publish","type":"post","link":"https:\/\/vinasfm.com\/noticias\/entrevista-a-dario-seijas-un-alvearense-en-el-corazon-del-desastre-en-bahia-blanca\/","title":{"rendered":"ENTREVISTA A DAR\u00cdO SEIJAS: UN ALVEARENSE EN EL CORAZ\u00d3N DEL DESASTRE EN BAH\u00cdA BLANCA"},"content":{"rendered":"<h4 data-sourcepos=\"3:1-3:375\"><span style=\"color: #000000;\"><span style=\"color: #003366;\">Dar\u00edo Seijas<\/span>, oriundo de General Alvear y residente en Bah\u00eda Blanca desde hace m\u00e1s de 40 a\u00f1os, comparti\u00f3 un relato conmovedor sobre la devastaci\u00f3n causada por el reciente temporal que azot\u00f3 la ciudad. <\/span><\/h4>\n<p data-sourcepos=\"3:1-3:375\"><span style=\"color: #000000;\">En una entrevista exclusiva con <span style=\"color: #800080;\"><strong>FM VI\u00d1AS<\/strong><\/span>, Seijas describi\u00f3 la magnitud de la cat\u00e1strofe, sus efectos en la comunidad y el arduo camino hacia la recuperaci\u00f3n. <\/span><\/p>\n<p data-sourcepos=\"3:1-3:375\"><span style=\"color: #000000;\">El temporal descarg\u00f3 400 mil\u00edmetros de lluvia en tan solo 10 horas, una cifra alarmante considerando que la media anual en Bah\u00eda Blanca oscila entre 650 y 700 mil\u00edmetros. <strong><em><span class=\"grammar correction\" title=\"En una tipograf\u00eda cuidada, use comillas tipogr\u00e1ficas.\" data-type=\"grammar\" data-suggestions=\"[{&quot;value&quot;:&quot;\u201c&quot;},{&quot;value&quot;:&quot;\u00ab&quot;}]\" data-rule=\"COMILLAS_TIPOGRAFICAS\" data-word=\"&quot;\">\u201c<\/span>Es terrible, terrible<span class=\"grammar correction\" title=\"En una tipograf\u00eda cuidada, use comillas tipogr\u00e1ficas.\" data-type=\"grammar\" data-suggestions=\"[{&quot;value&quot;:&quot;\u201d&quot;},{&quot;value&quot;:&quot;\u00bb&quot;}]\" data-rule=\"COMILLAS_TIPOGRAFICAS\" data-word=\"&quot;\">\u201d<\/span><\/em><\/strong>, expres\u00f3 Seijas, describiendo <strong>calles convertidas en r\u00edos y negocios y viviendas inundadas. Su hermano Eduardo, tambi\u00e9n <span class=\"error misspelling\" title=\"Se ha encontrado un posible error ortogr\u00e1fico.\" data-type=\"misspelling\" data-suggestions=\"[{&quot;value&quot;:&quot;albeldense&quot;},{&quot;value&quot;:&quot;adv\u00e9rense&quot;},{&quot;value&quot;:&quot;albeareis&quot;},{&quot;value&quot;:&quot;albearen&quot;},{&quot;value&quot;:&quot;albeares&quot;},{&quot;value&quot;:&quot;albearse&quot;},{&quot;value&quot;:&quot;albear\u00e9is&quot;}]\" data-rule=\"MORFOLOGIK_RULE_ES\" data-word=\"alvearense\">alvearense<\/span>, sufri\u00f3 p\u00e9rdidas materiales significativas en su comercio de microcentro, donde el agua super\u00f3 por mucho el metro de altura. <\/strong><\/span><\/p>\n<p data-sourcepos=\"3:1-3:375\"><span style=\"color: #000000;\">La fuerza del agua fue tal que incluso dobl\u00f3 v\u00edas de ferrocarril y arrastr\u00f3 veh\u00edculos como <em><strong><span class=\"grammar correction\" title=\"En una tipograf\u00eda cuidada, use comillas tipogr\u00e1ficas.\" data-type=\"grammar\" data-suggestions=\"[{&quot;value&quot;:&quot;\u201c&quot;},{&quot;value&quot;:&quot;\u00ab&quot;}]\" data-rule=\"COMILLAS_TIPOGRAFICAS\" data-word=\"&quot;\">\u201c<\/span>barquitos de papel<span class=\"grammar correction\" title=\"En una tipograf\u00eda cuidada, use comillas tipogr\u00e1ficas.\" data-type=\"grammar\" data-suggestions=\"[{&quot;value&quot;:&quot;\u201d&quot;},{&quot;value&quot;:&quot;\u00bb&quot;}]\" data-rule=\"COMILLAS_TIPOGRAFICAS\" data-word=\"&quot;\">\u201d<\/span>.<\/strong><\/em> La localidad de Ingeniero White, donde desemboca el agua de la ciudad, qued\u00f3 sumergida, con un 50% de sus calles cubiertas de lodo y aguas cloacales.<\/span><\/p>\n<p data-sourcepos=\"3:1-3:375\"><img loading=\"lazy\" decoding=\"async\" class=\"\" src=\"https:\/\/imagenes.elpais.com\/resizer\/v2\/S5RBK4UO4VC7TL42GEMV7OETN4.jpg?auth=11caf9498d42606c6793e45a02e0a6daf454d4fb29a178e612fc041d38f14369&amp;width=1200&amp;height=675&amp;smart=true\" alt=\"Inundaciones en Argentina\" width=\"363\" height=\"204\" \/> <img loading=\"lazy\" decoding=\"async\" class=\"\" src=\"https:\/\/media.0221.com.ar\/p\/ef5b069b3a529c50800a69b59e8cf277\/adjuntos\/357\/imagenes\/100\/216\/0100216444\/1400x0\/smart\/inundacion-bahia-blancajpg.jpg\" alt=\"Ya son 13 los muertos contabilizados en Bah\u00eda Blanca por el temporal\" width=\"320\" height=\"205\" \/><\/p>\n<p data-sourcepos=\"3:1-3:375\"><span style=\"color: #000000;\">Son m\u00e1s de 10 las muertes confirmadas por las autoridades de la ciudad y a\u00fan contin\u00faan buscando a personas <span class=\"misspelling correction\" title=\"Se ha encontrado un posible error ortogr\u00e1fico.\" data-type=\"misspelling\" data-suggestions=\"[{&quot;value&quot;:&quot;desaparecida&quot;},{&quot;value&quot;:&quot;desaparecidas&quot;}]\" data-rule=\"MORFOLOGIK_RULE_ES\" data-word=\"desaparecidad\">desaparecidas<\/span>. <em><strong><span class=\"grammar correction\" title=\"En una tipograf\u00eda cuidada, use comillas tipogr\u00e1ficas.\" data-type=\"grammar\" data-suggestions=\"[{&quot;value&quot;:&quot;\u201c&quot;},{&quot;value&quot;:&quot;\u00ab&quot;}]\" data-rule=\"COMILLAS_TIPOGRAFICAS\" data-word=\"&quot;\">\u201c<\/span>Es terrible ver como la gente busca desesperadamente a sus seres <span class=\"misspelling correction\" title=\"Se ha encontrado un posible error ortogr\u00e1fico.\" data-type=\"misspelling\" data-suggestions=\"[{&quot;value&quot;:&quot;queridos&quot;}]\" data-rule=\"MORFOLOGIK_RULE_ES\" data-word=\"querdios\">queridos<\/span>, personas que arrastr\u00f3 el agua y aparecieron en puntos muy alejados. Los vecinos debieron subir a los techos por el peligro que significaba permanecer en sus viviendas<span class=\"grammar correction\" title=\"En una tipograf\u00eda cuidada, use comillas tipogr\u00e1ficas.\" data-type=\"grammar\" data-suggestions=\"[{&quot;value&quot;:&quot;\u201d&quot;},{&quot;value&quot;:&quot;\u00bb&quot;}]\" data-rule=\"COMILLAS_TIPOGRAFICAS\" data-word=\"&quot;\">\u201d<\/span><\/strong><\/em>, relat\u00f3.\u00a0 <\/span><\/p>\n<p data-sourcepos=\"3:1-3:375\"><span style=\"color: #000000;\">A pesar de la magnitud del desastre, Seijas destac\u00f3 la solidaridad de la comunidad y la llegada de ayuda de diversas partes del pa\u00eds. <strong><em><span class=\"grammar correction\" title=\"En una tipograf\u00eda cuidada, use comillas tipogr\u00e1ficas.\" data-type=\"grammar\" data-suggestions=\"[{&quot;value&quot;:&quot;\u201c&quot;},{&quot;value&quot;:&quot;\u00ab&quot;}]\" data-rule=\"COMILLAS_TIPOGRAFICAS\" data-word=\"&quot;\">\u201c<\/span>La gente enseguida se puso a colaborar. Entre vecinos <span class=\"misspelling correction\" title=\"Se ha encontrado un posible error ortogr\u00e1fico.\" data-type=\"misspelling\" data-suggestions=\"[{&quot;value&quot;:&quot;buscamos&quot;},{&quot;value&quot;:&quot;b\u00facaros&quot;},{&quot;value&quot;:&quot;mucamos&quot;},{&quot;value&quot;:&quot;becamos&quot;},{&quot;value&quot;:&quot;buceamos&quot;},{&quot;value&quot;:&quot;bucemos&quot;},{&quot;value&quot;:&quot;bufamos&quot;}]\" data-rule=\"MORFOLOGIK_RULE_ES\" data-word=\"bucamos\">buscamos<\/span> la manera de ponernos a salvo y rescatar a aquellas personas que quedaron aisladas<span class=\"grammar correction\" title=\"En una tipograf\u00eda cuidada, use comillas tipogr\u00e1ficas.\" data-type=\"grammar\" data-suggestions=\"[{&quot;value&quot;:&quot;\u201d&quot;},{&quot;value&quot;:&quot;\u00bb&quot;}]\" data-rule=\"COMILLAS_TIPOGRAFICAS\" data-word=\"&quot;\">\u201d<\/span><\/em><\/strong>, afirm\u00f3. Asimismo, resalt\u00f3 la importancia de la coordinaci\u00f3n entre el Gobierno Provincial y Nacional para agilizar la distribuci\u00f3n de la ayuda.<\/span><\/p>\n<p data-sourcepos=\"3:1-3:375\"><span style=\"color: #000000;\"> En distintas im\u00e1genes que circulan en las distintas redes sociales se puede apreciar como los bahienses trabajaron en conjunto para lograr rescatar a vecinos y animales. <strong>En uno de los videos m\u00e1s conmovedores se observa a un grupo de enfermeras evacuando a beb\u00e9s reci\u00e9n nacidos de la sala de\u00a0neonatolog\u00eda, del Hospital <span class=\"error misspelling\" title=\"Se ha encontrado un posible error ortogr\u00e1fico.\" data-type=\"misspelling\" data-suggestions=\"[{&quot;value&quot;:&quot;Inter zonal&quot;}]\" data-rule=\"MORFOLOGIK_RULE_ES\" data-word=\"Interzonal\">Interzonal<\/span> Dr. Jos\u00e9 <span class=\"error misspelling\" title=\"Se ha encontrado un posible error ortogr\u00e1fico.\" data-type=\"misspelling\" data-suggestions=\"[{&quot;value&quot;:&quot;Pena&quot;},{&quot;value&quot;:&quot;Pe\u00f1a&quot;},{&quot;value&quot;:&quot;Peana&quot;},{&quot;value&quot;:&quot;Peina&quot;},{&quot;value&quot;:&quot;Penca&quot;},{&quot;value&quot;:&quot;Penan&quot;},{&quot;value&quot;:&quot;Penda&quot;}]\" data-rule=\"MORFOLOGIK_RULE_ES\" data-word=\"Penna\">Penna<\/span>, que se inund\u00f3 por completo.<\/strong><\/span><\/p>\n<p data-sourcepos=\"3:1-3:375\"><img loading=\"lazy\" decoding=\"async\" class=\"\" src=\"https:\/\/www.lanacion.com.ar\/resizer\/v2\/la-sala-de-neonatologia-inundada-en-bahia-5U6M27YGJBACFDD6XX4ILETNCE.jpeg?auth=bc6479b5a9d5b422e931ef364b1944cde99f34f879f45315b73a7e1ec071f34a&amp;width=420&amp;height=280&amp;quality=70&amp;smart=true\" alt=\"El dram\u00e1tico testimonio de una las enfermeras que rescat\u00f3 a los beb\u00e9s  reci\u00e9n nacidos en Bah\u00eda Blanca - LA NACION\" width=\"398\" height=\"265\" \/> <img loading=\"lazy\" decoding=\"async\" class=\"\" src=\"https:\/\/encrypted-tbn0.gstatic.com\/images?q=tbn:ANd9GcRqTXzHwEGAmtVeHHgXC-3ZZUAU1SeMwd-wLg&amp;s\" alt=\"&#x1f49c; Hero\u00ednas &#x1f64c; Enfermeras del Hospital Interzonal Jos\u00e9 Pena en Bah\u00eda Blanca  se organizaron para proteger a todos los beb\u00e9s que estaban en cuidados  intensivos bajo un temporal bestial que inund\u00f3 el\" width=\"213\" height=\"266\" \/><\/p>\n<h2 data-sourcepos=\"3:1-3:375\"><span style=\"color: #000000;\">Un Largo Camino Hacia la Recuperaci\u00f3n <\/span><\/h2>\n<p data-sourcepos=\"3:1-3:375\"><span style=\"color: #000000;\">La recuperaci\u00f3n de Bah\u00eda Blanca tomar\u00e1 tiempo y esfuerzo<strong>. Seijas mencion\u00f3 que la mayor\u00eda de los supermercados han reabierto, aunque con limitaciones, y que se est\u00e1 restableciendo gradualmente el suministro de energ\u00eda el\u00e9ctrica y combustible.<\/strong> Sin embargo, muchas escuelas permanecen cerradas y la Universidad del Sur ha suspendido sus actividades hasta el 31 de marzo. <\/span><\/p>\n<p data-sourcepos=\"3:1-3:375\"><span style=\"color: #000000;\">En medio de la adversidad, Seijas hizo un llamado a la unidad y la colaboraci\u00f3n<em><strong>. <span class=\"grammar correction\" title=\"En una tipograf\u00eda cuidada, use comillas tipogr\u00e1ficas.\" data-type=\"grammar\" data-suggestions=\"[{&quot;value&quot;:&quot;\u201c&quot;},{&quot;value&quot;:&quot;\u00ab&quot;}]\" data-rule=\"COMILLAS_TIPOGRAFICAS\" data-word=\"&quot;\">\u201c<\/span>Esperemos que d\u00e9 resultados<span class=\"grammar correction\" title=\"En una tipograf\u00eda cuidada, use comillas tipogr\u00e1ficas.\" data-type=\"grammar\" data-suggestions=\"[{&quot;value&quot;:&quot;\u201d&quot;},{&quot;value&quot;:&quot;\u00bb&quot;}]\" data-rule=\"COMILLAS_TIPOGRAFICAS\" data-word=\"&quot;\">\u201d<\/span><\/strong><\/em> expres\u00f3, refiri\u00e9ndose a la <span class=\"error misspelling\" title=\"Se ha encontrado un posible error ortogr\u00e1fico.\" data-type=\"misspelling\" data-suggestions=\"[{&quot;value&quot;:&quot;mancomunaron&quot;},{&quot;value&quot;:&quot;mancomunan&quot;},{&quot;value&quot;:&quot;mancomunaos&quot;},{&quot;value&quot;:&quot;mancomunen&quot;},{&quot;value&quot;:&quot;mancomuno&quot;},{&quot;value&quot;:&quot;mancomun\u00f3&quot;},{&quot;value&quot;:&quot;mancom\u00faneos&quot;}]\" data-rule=\"MORFOLOGIK_RULE_ES\" data-word=\"mancomuni\u00f3n\">mancomuni\u00f3n<\/span> entre el gobierno provincial y nacional. Destac\u00f3 la importancia de dejar de lado las <em><strong><span class=\"grammar correction\" title=\"En una tipograf\u00eda cuidada, use comillas tipogr\u00e1ficas.\" data-type=\"grammar\" data-suggestions=\"[{&quot;value&quot;:&quot;\u201c&quot;},{&quot;value&quot;:&quot;\u00ab&quot;}]\" data-rule=\"COMILLAS_TIPOGRAFICAS\" data-word=\"&quot;\">\u201c<\/span>mezquindades pol\u00edticas<span class=\"grammar correction\" title=\"En una tipograf\u00eda cuidada, use comillas tipogr\u00e1ficas.\" data-type=\"grammar\" data-suggestions=\"[{&quot;value&quot;:&quot;\u201d&quot;},{&quot;value&quot;:&quot;\u00bb&quot;}]\" data-rule=\"COMILLAS_TIPOGRAFICAS\" data-word=\"&quot;\">\u201d<\/span> <\/strong><\/em>y trabajar juntos para superar la crisis.<\/span><\/p>\n","protected":false},"excerpt":{"rendered":"<p>Dar\u00edo Seijas, oriundo de General Alvear y residente en Bah\u00eda Blanca desde hace m\u00e1s de 40 a\u00f1os, comparti\u00f3 un relato conmovedor &#8230;<\/p>\n","protected":false},"author":7,"featured_media":145203,"comment_status":"open","ping_status":"open","sticky":false,"template":"","format":"standard","meta":{"footnotes":""},"categories":[10,11],"tags":[],"class_list":["post-145202","post","type-post","status-publish","format-standard","has-post-thumbnail","hentry","category-destacadas","category-sociales"],"_links":{"self":[{"href":"https:\/\/vinasfm.com\/noticias\/wp-json\/wp\/v2\/posts\/145202","targetHints":{"allow":["GET"]}}],"collection":[{"href":"https:\/\/vinasfm.com\/noticias\/wp-json\/wp\/v2\/posts"}],"about":[{"href":"https:\/\/vinasfm.com\/noticias\/wp-json\/wp\/v2\/types\/post"}],"author":[{"embeddable":true,"href":"https:\/\/vinasfm.com\/noticias\/wp-json\/wp\/v2\/users\/7"}],"replies":[{"embeddable":true,"href":"https:\/\/vinasfm.com\/noticias\/wp-json\/wp\/v2\/comments?post=145202"}],"version-history":[{"count":1,"href":"https:\/\/vinasfm.com\/noticias\/wp-json\/wp\/v2\/posts\/145202\/revisions"}],"predecessor-version":[{"id":145204,"href":"https:\/\/vinasfm.com\/noticias\/wp-json\/wp\/v2\/posts\/145202\/revisions\/145204"}],"wp:featuredmedia":[{"embeddable":true,"href":"https:\/\/vinasfm.com\/noticias\/wp-json\/wp\/v2\/media\/145203"}],"wp:attachment":[{"href":"https:\/\/vinasfm.com\/noticias\/wp-json\/wp\/v2\/media?parent=145202"}],"wp:term":[{"taxonomy":"category","embeddable":true,"href":"https:\/\/vinasfm.com\/noticias\/wp-json\/wp\/v2\/categories?post=145202"},{"taxonomy":"post_tag","embeddable":true,"href":"https:\/\/vinasfm.com\/noticias\/wp-json\/wp\/v2\/tags?post=145202"}],"curies":[{"name":"wp","href":"https:\/\/api.w.org\/{rel}","templated":true}]}}