{"id":145187,"date":"2025-03-10T11:30:35","date_gmt":"2025-03-10T14:30:35","guid":{"rendered":"https:\/\/vinasfm.com\/noticias\/?p=145187"},"modified":"2025-03-11T09:52:16","modified_gmt":"2025-03-11T12:52:16","slug":"desde-obras-y-servicios-publicos-brindaron-detalles-sobre-las-trabajos-que-se-estan-ejecutando-en-distintos-puntos-del-departamento","status":"publish","type":"post","link":"https:\/\/vinasfm.com\/noticias\/desde-obras-y-servicios-publicos-brindaron-detalles-sobre-las-trabajos-que-se-estan-ejecutando-en-distintos-puntos-del-departamento\/","title":{"rendered":"DESDE OBRAS Y SERVICIOS P\u00daBLICOS BRINDARON DETALLES SOBRE LAS TRABAJOS QUE SE EST\u00c1N EJECUTANDO EN DISTINTOS PUNTOS DEL DEPARTAMENTO"},"content":{"rendered":"<h4 data-sourcepos=\"5:1-5:311\"><span style=\"color: #000000;\">La Secretar\u00eda de Obras y Servicios P\u00fablicos de General Alvear contin\u00faa desplegando un amplio abanico de proyectos para mejorar la infraestructura y la calidad de vida de los vecinos. <span style=\"color: #003366;\"><strong>Emiliano Barbero<\/strong><\/span>, titular del \u00e1rea, brind\u00f3 detalles sobre los avances y las iniciativas en marcha.<\/span><\/h4>\n<p data-sourcepos=\"9:1-9:306\"><span style=\"color: #000000;\">Barbero anunci\u00f3 que la obra de construcci\u00f3n de veredines y paseos en la Ruta 143 est\u00e1 llegando a su etapa final, alcanzando la Calle Centenario. <strong>Estos espacios, dise\u00f1ados para la actividad f\u00edsica y el esparcimiento, representan una mejora significativa en la seguridad y el confort de peatones y ciclistas.<\/strong><\/span><\/p>\n<p data-sourcepos=\"13:1-13:297\"><span style=\"color: #000000;\">En las inmediaciones del Polideportivo, donde culmina la Avenida Alvear Oeste, se han iniciado trabajos de movimiento de suelos y nivelaci\u00f3n. <strong>Este proyecto contempla la creaci\u00f3n de un derivador de tr\u00e1nsito con dos rotondas, adaptado a los nuevos medios de transporte como monopatines y bicicletas.<\/strong><\/span><\/p>\n<p data-sourcepos=\"15:1-15:317\"><span style=\"color: #000000;\"><strong><em>\u00abEs un trabajo muy importante y un proyecto a largo plazo\u00bb<\/em><\/strong>, explic\u00f3 Barbero, quien adelant\u00f3 que se est\u00e1 planificando la extensi\u00f3n de la avenida hasta el R\u00edo Atuel para crear una costanera que conecte con el parque existente. <em><strong>\u00abHay que planificar muy bien las cosas, porque lo que se haga ahora definir\u00e1 el futuro\u00bb<\/strong><\/em>, enfatiz\u00f3.<\/span><\/p>\n<p data-sourcepos=\"19:1-19:335\"><span style=\"color: #000000;\"><strong>La construcci\u00f3n de la Senda Saludable de la Diagonal Carlos Pellegrini avanza a buen ritmo<\/strong>, con la colocaci\u00f3n de iluminaci\u00f3n LED, la etapa de pintura y la creaci\u00f3n de \u00e1reas de descanso equipadas con m\u00e1quinas de gimnasia y bancos. <strong>Una novedad importante ser\u00e1 la instalaci\u00f3n de un bot\u00f3n antip\u00e1nico con c\u00e1mara de seguridad para mayor tranquilidad de los usuarios. <\/strong>Barbero record\u00f3 que la ciclov\u00eda est\u00e1 destinada a ciclistas y peatones, y pidi\u00f3 a los vecinos que no utilicen motos en este espacio.<\/span><\/p>\n<p data-sourcepos=\"25:1-25:430\"><span style=\"color: #000000;\">Finalmente, y ante la demanda de los vecinos, la Secretar\u00eda de Obras y Servicios P\u00fablicos tambi\u00e9n ha iniciado la planificaci\u00f3n para recuperar la ciclov\u00eda de la Ruta 188. <strong><em>\u00abEstamos proyectando c\u00f3mo lo vamos a hacer\u00bb<\/em><\/strong>, se\u00f1al\u00f3 Barbero, quien explic\u00f3 que se realizar\u00e1n trabajos de limpieza de banquinas, bacheo y mejoras en general. <strong><em>\u00abEs una v\u00eda de comunicaci\u00f3n importante, y nuestra pol\u00edtica es trabaja en aquellas obras deterioradas y lograr recuperarlas\u00bb<\/em><\/strong>, concluy\u00f3.<\/span><\/p>\n","protected":false},"excerpt":{"rendered":"<p>La Secretar\u00eda de Obras y Servicios P\u00fablicos de General Alvear contin\u00faa desplegando un amplio abanico de proyectos para mejorar la infraestructura &#8230;<\/p>\n","protected":false},"author":7,"featured_media":145189,"comment_status":"open","ping_status":"open","sticky":false,"template":"","format":"standard","meta":{"footnotes":""},"categories":[5,29],"tags":[],"class_list":["post-145187","post","type-post","status-publish","format-standard","has-post-thumbnail","hentry","category-actualidad","category-obras-y-servicios"],"_links":{"self":[{"href":"https:\/\/vinasfm.com\/noticias\/wp-json\/wp\/v2\/posts\/145187","targetHints":{"allow":["GET"]}}],"collection":[{"href":"https:\/\/vinasfm.com\/noticias\/wp-json\/wp\/v2\/posts"}],"about":[{"href":"https:\/\/vinasfm.com\/noticias\/wp-json\/wp\/v2\/types\/post"}],"author":[{"embeddable":true,"href":"https:\/\/vinasfm.com\/noticias\/wp-json\/wp\/v2\/users\/7"}],"replies":[{"embeddable":true,"href":"https:\/\/vinasfm.com\/noticias\/wp-json\/wp\/v2\/comments?post=145187"}],"version-history":[{"count":2,"href":"https:\/\/vinasfm.com\/noticias\/wp-json\/wp\/v2\/posts\/145187\/revisions"}],"predecessor-version":[{"id":145190,"href":"https:\/\/vinasfm.com\/noticias\/wp-json\/wp\/v2\/posts\/145187\/revisions\/145190"}],"wp:featuredmedia":[{"embeddable":true,"href":"https:\/\/vinasfm.com\/noticias\/wp-json\/wp\/v2\/media\/145189"}],"wp:attachment":[{"href":"https:\/\/vinasfm.com\/noticias\/wp-json\/wp\/v2\/media?parent=145187"}],"wp:term":[{"taxonomy":"category","embeddable":true,"href":"https:\/\/vinasfm.com\/noticias\/wp-json\/wp\/v2\/categories?post=145187"},{"taxonomy":"post_tag","embeddable":true,"href":"https:\/\/vinasfm.com\/noticias\/wp-json\/wp\/v2\/tags?post=145187"}],"curies":[{"name":"wp","href":"https:\/\/api.w.org\/{rel}","templated":true}]}}