{"id":145178,"date":"2025-03-10T09:41:14","date_gmt":"2025-03-10T12:41:14","guid":{"rendered":"https:\/\/vinasfm.com\/noticias\/?p=145178"},"modified":"2025-03-11T09:47:12","modified_gmt":"2025-03-11T12:47:12","slug":"un-motociclista-resulto-herido-tras-colisionar-con-un-automovil","status":"publish","type":"post","link":"https:\/\/vinasfm.com\/noticias\/un-motociclista-resulto-herido-tras-colisionar-con-un-automovil\/","title":{"rendered":"UN MOTOCICLISTA RESULT\u00d3 HERIDO TRAS COLISIONAR CON UN AUTOM\u00d3VIL"},"content":{"rendered":"<h4 data-sourcepos=\"3:1-3:248\"><span style=\"color: #000000;\">Un accidente de tr\u00e1nsito tuvo lugar este domingo a las 19:00 horas en la intersecci\u00f3n de Alvear Este y Tricherri, en General Alvear. El incidente involucr\u00f3 a una motocicleta Appia 110cc y un autom\u00f3vil Volkswagen Voyage.<\/span><\/h4>\n<p data-sourcepos=\"5:1-5:224\"><span style=\"color: #000000;\">Seg\u00fan el informe proporcionado por la Comisar\u00eda 14,<strong> el conductor de la motocicleta, identificado como D.A.T., sufri\u00f3 lesiones a consecuencia del choque y debi\u00f3 recibir atenci\u00f3n m\u00e9dica. Por otro lado, el conductor del autom\u00f3vil fue identificado como H.A.Q.<\/strong><\/span><\/p>\n<p data-sourcepos=\"9:1-9:243\"><span style=\"color: #000000;\">Se labraron las actuaciones correspondientes y las autoridades policiales se encuentran investigando las causas del accidente y realizando las pericias correspondientes para esclarecer lo sucedido.<\/span><\/p>\n","protected":false},"excerpt":{"rendered":"<p>Un accidente de tr\u00e1nsito tuvo lugar este domingo a las 19:00 horas en la intersecci\u00f3n de Alvear Este y Tricherri, en &#8230;<\/p>\n","protected":false},"author":7,"featured_media":145179,"comment_status":"open","ping_status":"open","sticky":false,"template":"","format":"standard","meta":{"footnotes":""},"categories":[4,184],"tags":[],"class_list":["post-145178","post","type-post","status-publish","format-standard","has-post-thumbnail","hentry","category-policiales","category-siniestro-vial"],"_links":{"self":[{"href":"https:\/\/vinasfm.com\/noticias\/wp-json\/wp\/v2\/posts\/145178","targetHints":{"allow":["GET"]}}],"collection":[{"href":"https:\/\/vinasfm.com\/noticias\/wp-json\/wp\/v2\/posts"}],"about":[{"href":"https:\/\/vinasfm.com\/noticias\/wp-json\/wp\/v2\/types\/post"}],"author":[{"embeddable":true,"href":"https:\/\/vinasfm.com\/noticias\/wp-json\/wp\/v2\/users\/7"}],"replies":[{"embeddable":true,"href":"https:\/\/vinasfm.com\/noticias\/wp-json\/wp\/v2\/comments?post=145178"}],"version-history":[{"count":1,"href":"https:\/\/vinasfm.com\/noticias\/wp-json\/wp\/v2\/posts\/145178\/revisions"}],"predecessor-version":[{"id":145180,"href":"https:\/\/vinasfm.com\/noticias\/wp-json\/wp\/v2\/posts\/145178\/revisions\/145180"}],"wp:featuredmedia":[{"embeddable":true,"href":"https:\/\/vinasfm.com\/noticias\/wp-json\/wp\/v2\/media\/145179"}],"wp:attachment":[{"href":"https:\/\/vinasfm.com\/noticias\/wp-json\/wp\/v2\/media?parent=145178"}],"wp:term":[{"taxonomy":"category","embeddable":true,"href":"https:\/\/vinasfm.com\/noticias\/wp-json\/wp\/v2\/categories?post=145178"},{"taxonomy":"post_tag","embeddable":true,"href":"https:\/\/vinasfm.com\/noticias\/wp-json\/wp\/v2\/tags?post=145178"}],"curies":[{"name":"wp","href":"https:\/\/api.w.org\/{rel}","templated":true}]}}