{"id":145143,"date":"2025-03-08T14:29:38","date_gmt":"2025-03-08T17:29:38","guid":{"rendered":"https:\/\/vinasfm.com\/noticias\/?p=145143"},"modified":"2025-03-10T09:52:22","modified_gmt":"2025-03-10T12:52:22","slug":"cornejo-anuncio-que-mendoza-sera-sede-de-la-feria-internacional-vinexpo-explorer","status":"publish","type":"post","link":"https:\/\/vinasfm.com\/noticias\/cornejo-anuncio-que-mendoza-sera-sede-de-la-feria-internacional-vinexpo-explorer\/","title":{"rendered":"CORNEJO ANUNCI\u00d3 QUE MENDOZA SER\u00c1 SEDE DE LA FERIA INTERNACIONAL VINEXPO EXPLORER"},"content":{"rendered":"<h4>En el desayuno que ofrece cada vendimia la Corporaci\u00f3n Vitivin\u00edcola Argentina, el Gobernador adelant\u00f3 la realizaci\u00f3n de un evento que ser\u00e1 el m\u00e1s grande de su tipo jam\u00e1s realizado en la Argentina. El encuentro reunir\u00e1 a 80 compradores internacionales y a 150 bodegas locales. Ante autoridades provinciales y nacionales, el mandatario dijo que Mendoza es hoy un <em>\u201claboratorio de soluciones para el pa\u00eds\u201d.<\/em><\/h4>\n<p>En el marco del tradicional desayuno de la <strong>Corporaci\u00f3n Vitivin\u00edcola Argentina<\/strong> <em>(COVIAR)<\/em>, el <em>Gobernador de Mendoza<\/em>, <span style=\"color: #003366;\"><strong>Alfredo Cornejo<\/strong><\/span>, realiz\u00f3 anuncios clave para el sector vitivin\u00edcola, as\u00ed como destac\u00f3 la importancia de la previsibilidad econ\u00f3mica y el rol del Estado en la generaci\u00f3n de condiciones propicias para la inversi\u00f3n y el desarrollo.<\/p>\n<p>En su discurso <strong>enfatiz\u00f3 la necesidad de consolidar la competitividad de la industria, fortalecer la infraestructura, avanzar en la apertura de nuevos mercados internacionales y abordar problem\u00e1ticas estructurales del sector productivo.<\/strong><\/p>\n<p>Como es habitual, el desayuno se realiz\u00f3 en el Park Hyatt Hotel, uno de los encuentros pol\u00edticos e industriales m\u00e1s esperados del a\u00f1o. Estuvieron ah\u00ed gobernadores de las provincias vitivin\u00edcolas, el gabinete provincial, legisladores nacionales y provinciales, exgobernadores y autoridades nacionales, como <span style=\"color: #003366;\"><strong>Sergio Iraeta<\/strong><\/span>, <em>secretario de Agricultura, Ganader\u00eda y Pesca,<\/em> y <span style=\"color: #003366;\"><strong>Lisandro Catal\u00e1n<\/strong><\/span>, <em>vicejefe de Gabinete del Interior<\/em>.<\/p>\n<p><a href=\"https:\/\/vinasfm.com\/noticias\/wp-content\/uploads\/2025\/03\/DSC07604-768x513-1.jpg\"><img loading=\"lazy\" decoding=\"async\" class=\"alignnone size-medium wp-image-145147\" src=\"https:\/\/vinasfm.com\/noticias\/wp-content\/uploads\/2025\/03\/DSC07604-768x513-1-300x200.jpg\" alt=\"\" width=\"300\" height=\"200\" srcset=\"https:\/\/vinasfm.com\/noticias\/wp-content\/uploads\/2025\/03\/DSC07604-768x513-1-300x200.jpg 300w, https:\/\/vinasfm.com\/noticias\/wp-content\/uploads\/2025\/03\/DSC07604-768x513-1.jpg 768w\" sizes=\"auto, (max-width: 300px) 100vw, 300px\" \/><\/a><\/p>\n<h2>Vinexpo Explorer, un evento estrat\u00e9gico para la vitivinicultura<\/h2>\n<p>Uno de los anuncios m\u00e1s relevantes fue la confirmaci\u00f3n de que Mendoza ser\u00e1 sede de <strong>Vinexpo Explorer<\/strong>, un evento internacional que ser\u00e1 realizado por primera vez en el Hemisferio Sur.<\/p>\n<p>Organizado por Vinexposium, ProMendoza y el Gobierno provincial, <strong>este encuentro reunir\u00e1 a 80 compradores internacionales y a 150 bodegas locales en un espacio de negociaci\u00f3n que incluir\u00e1 catas, reuniones B2B<\/strong> (business-to-business o bilaterales) <strong>y visitas a establecimientos vitivin\u00edcolas.<\/strong><\/p>\n<p>Cornejo destac\u00f3 que la feria representa una oportunidad estrat\u00e9gica para posicionar la producci\u00f3n mendocina en mercados clave, consolidando as\u00ed su presencia en destinos tradicionales y abriendo nuevas oportunidades en pa\u00edses como India y Emiratos \u00c1rabes Unidos.<\/p>\n<p>\u201c<strong><em>Este evento ser\u00e1 el mayor de su tipo en Argentina y contribuir\u00e1 a reforzar nuestra presencia internacional tras a\u00f1os de crisis que dificultaron la expansi\u00f3n de nuestros productos. Es clave que las bodegas mendocinas acompa\u00f1en el esfuerzo y la inversi\u00f3n que realizamos desde el Estado provincial para ampliar las exportaciones y garantizar la sostenibilidad de la industria\u201d<\/em><\/strong>, sostuvo el gobernador. Asimismo anunci\u00f3 que la inscripci\u00f3n para las bodegas interesadas estar\u00e1 abierta hasta el 9 de julio a trav\u00e9s de las plataformas digitales de Vinexpo Explorer y ProMendoza.<\/p>\n<p>El mandatario provincial contextualiz\u00f3 estos anuncios en el marco de la transici\u00f3n econ\u00f3mica que atraviesa el pa\u00eds destacando la importancia de garantizar estabilidad fiscal y previsibilidad para el crecimiento del sector productivo. <strong><em>\u201cEstamos dando vuelta la p\u00e1gina despu\u00e9s de d\u00e9cadas de desajustes. La baja de la inflaci\u00f3n, la reducci\u00f3n del d\u00e9ficit y la eliminaci\u00f3n de distorsiones econ\u00f3micas son pasos fundamentales para recuperar la competitividad de nuestra econom\u00eda\u201d<\/em><\/strong>, afirm\u00f3. En este sentido hizo especial hincapi\u00e9 en la necesidad de que el pa\u00eds cuente con la Ley de Presupuesto para consolidar la institucionalidad y evitar medidas cortoplacistas que afecten el desarrollo de las provincias.<\/p>\n","protected":false},"excerpt":{"rendered":"<p>En el desayuno que ofrece cada vendimia la Corporaci\u00f3n Vitivin\u00edcola Argentina, el Gobernador adelant\u00f3 la realizaci\u00f3n de un evento que ser\u00e1 &#8230;<\/p>\n","protected":false},"author":7,"featured_media":145148,"comment_status":"open","ping_status":"open","sticky":false,"template":"","format":"standard","meta":{"footnotes":""},"categories":[5,10],"tags":[],"class_list":["post-145143","post","type-post","status-publish","format-standard","has-post-thumbnail","hentry","category-actualidad","category-destacadas"],"_links":{"self":[{"href":"https:\/\/vinasfm.com\/noticias\/wp-json\/wp\/v2\/posts\/145143","targetHints":{"allow":["GET"]}}],"collection":[{"href":"https:\/\/vinasfm.com\/noticias\/wp-json\/wp\/v2\/posts"}],"about":[{"href":"https:\/\/vinasfm.com\/noticias\/wp-json\/wp\/v2\/types\/post"}],"author":[{"embeddable":true,"href":"https:\/\/vinasfm.com\/noticias\/wp-json\/wp\/v2\/users\/7"}],"replies":[{"embeddable":true,"href":"https:\/\/vinasfm.com\/noticias\/wp-json\/wp\/v2\/comments?post=145143"}],"version-history":[{"count":4,"href":"https:\/\/vinasfm.com\/noticias\/wp-json\/wp\/v2\/posts\/145143\/revisions"}],"predecessor-version":[{"id":145149,"href":"https:\/\/vinasfm.com\/noticias\/wp-json\/wp\/v2\/posts\/145143\/revisions\/145149"}],"wp:featuredmedia":[{"embeddable":true,"href":"https:\/\/vinasfm.com\/noticias\/wp-json\/wp\/v2\/media\/145148"}],"wp:attachment":[{"href":"https:\/\/vinasfm.com\/noticias\/wp-json\/wp\/v2\/media?parent=145143"}],"wp:term":[{"taxonomy":"category","embeddable":true,"href":"https:\/\/vinasfm.com\/noticias\/wp-json\/wp\/v2\/categories?post=145143"},{"taxonomy":"post_tag","embeddable":true,"href":"https:\/\/vinasfm.com\/noticias\/wp-json\/wp\/v2\/tags?post=145143"}],"curies":[{"name":"wp","href":"https:\/\/api.w.org\/{rel}","templated":true}]}}