{"id":145115,"date":"2025-03-07T19:29:04","date_gmt":"2025-03-07T22:29:04","guid":{"rendered":"https:\/\/vinasfm.com\/noticias\/?p=145115"},"modified":"2025-03-10T08:58:23","modified_gmt":"2025-03-10T11:58:23","slug":"acto-por-el-dia-de-la-mujer-mujeres-alvearenses-que-abrieron-caminos","status":"publish","type":"post","link":"https:\/\/vinasfm.com\/noticias\/acto-por-el-dia-de-la-mujer-mujeres-alvearenses-que-abrieron-caminos\/","title":{"rendered":"ACTO POR EL \u00abD\u00cdA DE LA MUJER\u00bb: MUJERES ALVEARENSES QUE ABRIERON CAMINOS"},"content":{"rendered":"<h4>En la ma\u00f1ana de este viernes, en la sala Alejo Abutcov del Museo de Historia \u00abDoctor Salvador Calafat\u00bb, se llev\u00f3 a cabo un emotivo acto en conmemoraci\u00f3n del D\u00eda de la Mujer, organizado por la Direcci\u00f3n de Familia del municipio, tuvo como objetivo no solo recordar la importancia de esta fecha, sino tambi\u00e9n reconocer el trabajo y la trayectoria de mujeres que han dejado su huella en General Alvear.<\/h4>\n<p>La <em>directora de Familia<\/em>, <span style=\"color: #003366;\"><strong>Gabriela Arzel\u00e1n<\/strong><\/span>, destac\u00f3 la relevancia de este evento: <strong><em>\u201ccada 8 de marzo es una oportunidad para reafirmar nuestro compromiso con aquellas mujeres, ni\u00f1as y ni\u00f1os a los que se debe garantizar una vida sin violencia. Este trabajo no puede ser solo de una instituci\u00f3n o un municipio, sino que es un esfuerzo conjunto donde muchas mujeres han dejado un legado de lucha, superaci\u00f3n y trabajo social\u201d.\u00a0\u00a0<\/em><\/strong><\/p>\n<p><a href=\"https:\/\/vinasfm.com\/noticias\/wp-content\/uploads\/2025\/03\/IMG-20250307-WA0072.jpg\"><img loading=\"lazy\" decoding=\"async\" class=\"alignnone size-medium wp-image-145116\" src=\"https:\/\/vinasfm.com\/noticias\/wp-content\/uploads\/2025\/03\/IMG-20250307-WA0072-300x200.jpg\" alt=\"\" width=\"300\" height=\"200\" srcset=\"https:\/\/vinasfm.com\/noticias\/wp-content\/uploads\/2025\/03\/IMG-20250307-WA0072-300x200.jpg 300w, https:\/\/vinasfm.com\/noticias\/wp-content\/uploads\/2025\/03\/IMG-20250307-WA0072-1024x682.jpg 1024w, https:\/\/vinasfm.com\/noticias\/wp-content\/uploads\/2025\/03\/IMG-20250307-WA0072-768x512.jpg 768w, https:\/\/vinasfm.com\/noticias\/wp-content\/uploads\/2025\/03\/IMG-20250307-WA0072-1536x1023.jpg 1536w, https:\/\/vinasfm.com\/noticias\/wp-content\/uploads\/2025\/03\/IMG-20250307-WA0072.jpg 1600w\" sizes=\"auto, (max-width: 300px) 100vw, 300px\" \/><\/a> <a href=\"https:\/\/vinasfm.com\/noticias\/wp-content\/uploads\/2025\/03\/IMG-20250307-WA0062.jpg\"><img loading=\"lazy\" decoding=\"async\" class=\"alignnone size-medium wp-image-145117\" src=\"https:\/\/vinasfm.com\/noticias\/wp-content\/uploads\/2025\/03\/IMG-20250307-WA0062-300x200.jpg\" alt=\"\" width=\"300\" height=\"200\" srcset=\"https:\/\/vinasfm.com\/noticias\/wp-content\/uploads\/2025\/03\/IMG-20250307-WA0062-300x200.jpg 300w, https:\/\/vinasfm.com\/noticias\/wp-content\/uploads\/2025\/03\/IMG-20250307-WA0062-1024x682.jpg 1024w, https:\/\/vinasfm.com\/noticias\/wp-content\/uploads\/2025\/03\/IMG-20250307-WA0062-768x512.jpg 768w, https:\/\/vinasfm.com\/noticias\/wp-content\/uploads\/2025\/03\/IMG-20250307-WA0062-1536x1023.jpg 1536w, https:\/\/vinasfm.com\/noticias\/wp-content\/uploads\/2025\/03\/IMG-20250307-WA0062.jpg 1600w\" sizes=\"auto, (max-width: 300px) 100vw, 300px\" \/><\/a><\/p>\n<p>Durante el acto, se entregaron distinciones a mujeres destacadas por su labor en distintos \u00e1mbitos. Una de ellas fue <span style=\"color: #003366;\"><strong>Titina Vi\u00f1olo<\/strong><\/span>, <em>empresaria y emprendedora<\/em>, quien relat\u00f3 su camino en un mundo hist\u00f3ricamente dominado por hombres: <em><strong>\u201cfui una de las primeras mujeres en asistir a remates ganaderos, algo poco com\u00fan en su momento. Pero con el apoyo de mi familia, logr\u00e9 abrirme camino. Hoy es importante transmitir a las nuevas generaciones que no hay limitaciones de g\u00e9nero para alcanzar nuestros sue\u00f1os\u201d.\u00a0\u00a0<\/strong><\/em><\/p>\n<p>Otra de las homenajeadas <span style=\"color: #003366;\"><strong>Blanca Merino<\/strong><\/span>, una <em>reconocida psic\u00f3loga<\/em>, record\u00f3 su trayectoria con emoci\u00f3n: <strong><em>\u201ctrabaj\u00e9 45 a\u00f1os en el Hospital de General Alvear, adem\u00e1s de ejercer en El Sauce y el Hospital Carlos Pereira. Fue una vocaci\u00f3n m\u00e1s que un trabajo, despu\u00e9s de tantos a\u00f1os, me llena de orgullo encontrarme con personas que fueron mis pacientes y que a\u00fan recuerdan mi labor\u201d.<\/em><\/strong><\/p>\n<p>El evento marc\u00f3 el inicio de una serie de actividades en homenaje a las mujeres de la comunidad. Arzelan adelant\u00f3 que continuar\u00e1n recorriendo barrios y distritos para seguir reconociendo a mujeres que, con su trabajo y dedicaci\u00f3n, han dejado una huella imborrable.<\/p>\n<p>El acto en conmemoraci\u00f3n del D\u00eda de la Mujer, no solo sirvi\u00f3 para honrar a figuras femeninas destacadas, sino tambi\u00e9n para reforzar el mensaje de equidad, inclusi\u00f3n y reconocimiento de los derechos de las mujeres en todos los \u00e1mbitos de la sociedad.<\/p>\n","protected":false},"excerpt":{"rendered":"<p>En la ma\u00f1ana de este viernes, en la sala Alejo Abutcov del Museo de Historia \u00abDoctor Salvador Calafat\u00bb, se llev\u00f3 a &#8230;<\/p>\n","protected":false},"author":7,"featured_media":145118,"comment_status":"open","ping_status":"open","sticky":false,"template":"","format":"standard","meta":{"footnotes":""},"categories":[10,11],"tags":[],"class_list":["post-145115","post","type-post","status-publish","format-standard","has-post-thumbnail","hentry","category-destacadas","category-sociales"],"_links":{"self":[{"href":"https:\/\/vinasfm.com\/noticias\/wp-json\/wp\/v2\/posts\/145115","targetHints":{"allow":["GET"]}}],"collection":[{"href":"https:\/\/vinasfm.com\/noticias\/wp-json\/wp\/v2\/posts"}],"about":[{"href":"https:\/\/vinasfm.com\/noticias\/wp-json\/wp\/v2\/types\/post"}],"author":[{"embeddable":true,"href":"https:\/\/vinasfm.com\/noticias\/wp-json\/wp\/v2\/users\/7"}],"replies":[{"embeddable":true,"href":"https:\/\/vinasfm.com\/noticias\/wp-json\/wp\/v2\/comments?post=145115"}],"version-history":[{"count":1,"href":"https:\/\/vinasfm.com\/noticias\/wp-json\/wp\/v2\/posts\/145115\/revisions"}],"predecessor-version":[{"id":145119,"href":"https:\/\/vinasfm.com\/noticias\/wp-json\/wp\/v2\/posts\/145115\/revisions\/145119"}],"wp:featuredmedia":[{"embeddable":true,"href":"https:\/\/vinasfm.com\/noticias\/wp-json\/wp\/v2\/media\/145118"}],"wp:attachment":[{"href":"https:\/\/vinasfm.com\/noticias\/wp-json\/wp\/v2\/media?parent=145115"}],"wp:term":[{"taxonomy":"category","embeddable":true,"href":"https:\/\/vinasfm.com\/noticias\/wp-json\/wp\/v2\/categories?post=145115"},{"taxonomy":"post_tag","embeddable":true,"href":"https:\/\/vinasfm.com\/noticias\/wp-json\/wp\/v2\/tags?post=145115"}],"curies":[{"name":"wp","href":"https:\/\/api.w.org\/{rel}","templated":true}]}}